{"id":175772,"date":"2009-04-08T10:23:00","date_gmt":"2009-04-08T13:23:00","guid":{"rendered":"http:\/\/progepe.ufpr.br\/portarias\/progepe-2009-00944\/"},"modified":"2023-08-03T11:16:50","modified_gmt":"2023-08-03T14:16:50","slug":"progepe-2009-00944","status":"publish","type":"post","link":"https:\/\/progepe.ufpr.br\/portarias\/progepe-2009-00944\/","title":{"rendered":"PORTARIA N\u00ba 00944\/PROGEPE, DE 08 DE ABRIL DE 2009"},"content":{"rendered":"\n<p>A Pr\u00f3-Reitora de Gest\u00e3o de Pessoas da Universidade Federal do Paran\u00e1, no uso de suas atribui\u00e7\u00f5es, tendo em vista a compet\u00eancia que lhe \u00e9 conferida pela Portaria n\u00ba 2.590, de 26 de setembro de 1997 e considerando o que consta no artigo 103, inciso V da Lei n\u00ba 8.112\/90 e ainda o contido no processo n\u00ba 068413\/2009- 60,<\/p>\n\n\n<p><strong>RESOLVE:<\/strong><\/p>\n\n\n<p>Averbar, a partir de 11 de mar\u00e7o de 2009, para fins de aposentadoria e disponibilidade, o tempo de servi\u00e7o prestado a I Planos de Sa\u00fade S. A. &#8211; Em Liquida\u00e7\u00e3o Extrajudicial, no per\u00edodo de 11.09.1985 a 30.12.1985, no total de 111 (cento e onze) dias; INDARC Construtora e Incorporadora Ltda., no per\u00edodo de 07.10.1987 a 22.02.1988, no total de 139 (cento e trinta e nove) dias; Apoio Trabalho Tempor\u00e1rio Ltda., no per\u00edodo de 02.06.1988 a 26.06.1988, no total de 25 (vinte e cinco) dias; Servi\u00e7o de Comunica\u00e7\u00f5es Telef\u00f4nicas de Londrina, no per\u00edodo de 27.06.1988 a 01.09.1990, no total de 797 (setecentos e noventa e sete) dias; Munic\u00edpio de Ribeir\u00e3o Claro, Estado do Paran\u00e1, no per\u00edodo de 05.03.1992 a 04.08.1993, no total de 518 (quinhentos e dezoito) dias; Associa\u00e7\u00e3o de Prote\u00e7\u00e3o a Maternidade e Inf\u00e2ncia, no per\u00edodo de 15.07.1994 a 31.12.1994, no total de 170 (cento e setenta) dias; Santa Casa de Miseric\u00f3rdia de Ribeir\u00e3o Claro, no per\u00edodo de 01.02.1996 a 02.04.1997, no total de 427 (quatrocentos e vinte e sete) dias; Liga Paranaense de Combate ao C\u00e2ncer, no per\u00edodo de 02.03.1998 a 04.01.2000, no total de 674 (seiscentos e setenta e quatro) dias; Maternidade Curitiba Ltda., no per\u00edodo de 08.07.2002 a 12.12.2002, no total de 158 (cento e cinquenta e oito) dias; F da UF do PPOD da Ci\u00eancia, Tecnologia e da Cultura, no per\u00edodo de 13.12.2002 a 13.01.2004, no total de 397 (trezentos e noventa e sete) dias; Destilaria Rio Blirante S. A., no per\u00edodo de 04.03.1985 a 01.08.1985, no total de 151 (cento e cinquenta e um) dias; e, Prefeitura do Munic\u00edpio de Arauc\u00e1ria, no per\u00edodo de 17.03.2004 a 14.11.2005, no total de 608 (seiscentos e oito) dias, em favor da servidora ROSILEI PEDRETTE &#8211; 185779, ocupante do cargo de Auxiliar de Enfermagem, lotada no Hospital de Cl\u00ednicas.<\/p><p><\/p>\n\n\n<div style=\"height:15px\" aria-hidden=\"true\" class=\"wp-block-spacer\"><\/div>\n\n\n<div class=\"wp-block-buttons is-content-justification-right is-layout-flex wp-container-core-buttons-is-layout-1 wp-block-buttons-is-layout-flex\">\n<div class=\"wp-block-button has-custom-font-size is-style-outline has-small-font-size is-style-outline--1\"><a class=\"wp-block-button__link\" href=\"https:\/\/progepe.ufpr.br\/portarias\/wp-content\/uploads\/pcp\/PROGEPE\/2009\/944PR.pdf\" style=\"border-radius:0px\" target=\"_blank\" rel=\"noreferrer noopener\">Acesse o arquivo da portaria<\/a><\/div><\/div>\n","protected":false},"excerpt":{"rendered":"<p>Averbar, a partir de 11 de mar\u00e7o de 2009, para fins de aposentadoria e disponibilidade, o tempo de servi\u00e7o prestado a I Planos de Sa\u00fade S. A. &#8211; Em Liquida\u00e7\u00e3o Extrajudicial, no per\u00edodo de 11.09.1985 a 30.12.1985, no total de 111 (cento e onze) dias; INDARC Construtora e Incorporadora Ltda., no per\u00edodo de 07.10.1987 a 22.02.1988, no total de 139 (cento e trinta e nove) dias; Apoio Trabalho Tempor\u00e1rio Ltda., no per\u00edodo de 02.06.1988 a 26.06.1988, no total de 25 (vinte e cinco) dias; Servi\u00e7o de Comunica\u00e7\u00f5es Telef\u00f4nicas de Londrina, no per\u00edodo de 27.06.1988 a 01.09.1990, no total<\/p>\n","protected":false},"author":41,"featured_media":0,"comment_status":"closed","ping_status":"closed","sticky":false,"template":"wp-custom-template-emissao-entre-01-05-2004-ate-30-06-2017","format":"standard","meta":{"_acf_changed":false,"iawp_total_views":0,"footnotes":""},"categories":[116],"tags":[140],"class_list":["post-175772","post","type-post","status-publish","format-standard","hentry","category-progepe","tag-averbacao-desaverbacao"],"acf":[],"_links":{"self":[{"href":"https:\/\/progepe.ufpr.br\/portarias\/wp-json\/wp\/v2\/posts\/175772","targetHints":{"allow":["GET"]}}],"collection":[{"href":"https:\/\/progepe.ufpr.br\/portarias\/wp-json\/wp\/v2\/posts"}],"about":[{"href":"https:\/\/progepe.ufpr.br\/portarias\/wp-json\/wp\/v2\/types\/post"}],"author":[{"embeddable":true,"href":"https:\/\/progepe.ufpr.br\/portarias\/wp-json\/wp\/v2\/users\/41"}],"replies":[{"embeddable":true,"href":"https:\/\/progepe.ufpr.br\/portarias\/wp-json\/wp\/v2\/comments?post=175772"}],"version-history":[{"count":1,"href":"https:\/\/progepe.ufpr.br\/portarias\/wp-json\/wp\/v2\/posts\/175772\/revisions"}],"predecessor-version":[{"id":214600,"href":"https:\/\/progepe.ufpr.br\/portarias\/wp-json\/wp\/v2\/posts\/175772\/revisions\/214600"}],"wp:attachment":[{"href":"https:\/\/progepe.ufpr.br\/portarias\/wp-json\/wp\/v2\/media?parent=175772"}],"wp:term":[{"taxonomy":"category","embeddable":true,"href":"https:\/\/progepe.ufpr.br\/portarias\/wp-json\/wp\/v2\/categories?post=175772"},{"taxonomy":"post_tag","embeddable":true,"href":"https:\/\/progepe.ufpr.br\/portarias\/wp-json\/wp\/v2\/tags?post=175772"}],"curies":[{"name":"wp","href":"https:\/\/api.w.org\/{rel}","templated":true}]}}