{"id":175878,"date":"2009-03-06T10:00:00","date_gmt":"2009-03-06T13:00:00","guid":{"rendered":"http:\/\/progepe.ufpr.br\/portarias\/progepe-2009-00465\/"},"modified":"2023-07-31T17:37:02","modified_gmt":"2023-07-31T20:37:02","slug":"progepe-2009-00465","status":"publish","type":"post","link":"https:\/\/progepe.ufpr.br\/portarias\/progepe-2009-00465\/","title":{"rendered":"PORTARIA N\u00ba 00465\/PROGEPE, DE 06 DE MAR\u00c7O DE 2009"},"content":{"rendered":"\n<p>A Pr\u00f3-Reitora de Gest\u00e3o de Pessoas da Universidade Federal do Paran\u00e1, no uso de suas atribui\u00e7\u00f5es, tendo em vista a compet\u00eancia que lhe \u00e9 conferida pela Portaria n\u00ba 2.590, de 26 de setembro de 1997 e ainda o contido no processo n\u00ba 035540\/2008-00,<\/p>\n\n\n<p><strong>RESOLVE:<\/strong><\/p>\n\n\n<p>I. Revogar a Portaria n\u00ba 6.992\/PRHAE, de 15 de setembro de 2008.<\/p><p> II. Designar os Professores SERGIO ODILON NADALIN &#8211; 038865, classe Associado, lotado no Departamento de Hist\u00f3ria; DULCE REGINA BAGGIO OSINSKI &#8211; 104159, classe Adjunto, lotada no Departamento de Artes; e a servidora ANA CHRISTINA BITTENCOURT MENEZES &#8211; 086002, Assistente em Administra\u00e7\u00e3o, lotada no Departamento de Ci\u00eancias Sociais, todos do Setor de Ci\u00eancias Humanas, Letras e Artes; para, sob a presid\u00eancia do primeiro, constitu\u00edrem Comiss\u00e3o de Processo Administrativo Disciplinar, com a finalidade de apurar os fatos relatados no processo n\u00ba 23075.035540\/2008-00.<\/p><p><\/p>\n\n\n<div style=\"height:15px\" aria-hidden=\"true\" class=\"wp-block-spacer\"><\/div>\n\n\n<div class=\"wp-block-buttons is-content-justification-right is-layout-flex wp-container-core-buttons-is-layout-1 wp-block-buttons-is-layout-flex\">\n<div class=\"wp-block-button has-custom-font-size is-style-outline has-small-font-size is-style-outline--1\"><a class=\"wp-block-button__link\" href=\"https:\/\/progepe.ufpr.br\/portarias\/wp-content\/uploads\/pcp\/PROGEPE\/2009\/465PR.pdf\" style=\"border-radius:0px\" target=\"_blank\" rel=\"noreferrer noopener\">Acesse o arquivo da portaria<\/a><\/div><\/div>\n","protected":false},"excerpt":{"rendered":"<p>I. Revogar a Portaria n\u00ba 6.992\/PRHAE, de 15 de setembro de 2008. II. Designar os Professores SERGIO ODILON NADALIN &#8211; 038865, classe Associado, lotado no Departamento de Hist\u00f3ria; DULCE REGINA BAGGIO OSINSKI &#8211; 104159, classe Adjunto, lotada no Departamento de Artes; e a servidora ANA CHRISTINA BITTENCOURT MENEZES &#8211; 086002, Assistente em Administra\u00e7\u00e3o, lotada no Departamento de Ci\u00eancias Sociais, todos do Setor de Ci\u00eancias Humanas, Letras e Artes; para, sob a presid\u00eancia do primeiro, constitu\u00edrem Comiss\u00e3o de Processo Administrativo Disciplinar, com a finalidade de apurar os fatos relatados no processo n\u00ba 23075.035540\/2008-00.  {&#8220;height&#8221;:&#8221;15px&#8221;} <\/p>\n<div style=\"height:15px\" aria-hidden=\"true\" class=\"wp-block-spacer\">\n","protected":false},"author":41,"featured_media":0,"comment_status":"closed","ping_status":"closed","sticky":false,"template":"wp-custom-template-emissao-entre-01-05-2004-ate-30-06-2017","format":"standard","meta":{"_acf_changed":false,"iawp_total_views":0,"footnotes":""},"categories":[116],"tags":[124],"class_list":["post-175878","post","type-post","status-publish","format-standard","hentry","category-progepe","tag-comissao"],"acf":[],"_links":{"self":[{"href":"https:\/\/progepe.ufpr.br\/portarias\/wp-json\/wp\/v2\/posts\/175878","targetHints":{"allow":["GET"]}}],"collection":[{"href":"https:\/\/progepe.ufpr.br\/portarias\/wp-json\/wp\/v2\/posts"}],"about":[{"href":"https:\/\/progepe.ufpr.br\/portarias\/wp-json\/wp\/v2\/types\/post"}],"author":[{"embeddable":true,"href":"https:\/\/progepe.ufpr.br\/portarias\/wp-json\/wp\/v2\/users\/41"}],"replies":[{"embeddable":true,"href":"https:\/\/progepe.ufpr.br\/portarias\/wp-json\/wp\/v2\/comments?post=175878"}],"version-history":[{"count":1,"href":"https:\/\/progepe.ufpr.br\/portarias\/wp-json\/wp\/v2\/posts\/175878\/revisions"}],"predecessor-version":[{"id":214703,"href":"https:\/\/progepe.ufpr.br\/portarias\/wp-json\/wp\/v2\/posts\/175878\/revisions\/214703"}],"wp:attachment":[{"href":"https:\/\/progepe.ufpr.br\/portarias\/wp-json\/wp\/v2\/media?parent=175878"}],"wp:term":[{"taxonomy":"category","embeddable":true,"href":"https:\/\/progepe.ufpr.br\/portarias\/wp-json\/wp\/v2\/categories?post=175878"},{"taxonomy":"post_tag","embeddable":true,"href":"https:\/\/progepe.ufpr.br\/portarias\/wp-json\/wp\/v2\/tags?post=175878"}],"curies":[{"name":"wp","href":"https:\/\/api.w.org\/{rel}","templated":true}]}}