{"id":176804,"date":"2009-10-19T10:42:00","date_gmt":"2009-10-19T12:42:00","guid":{"rendered":"http:\/\/progepe.ufpr.br\/portarias\/progepe-2009-03481\/"},"modified":"2023-08-03T11:20:35","modified_gmt":"2023-08-03T14:20:35","slug":"progepe-2009-03481","status":"publish","type":"post","link":"https:\/\/progepe.ufpr.br\/portarias\/progepe-2009-03481\/","title":{"rendered":"PORTARIA N\u00ba 03481\/PROGEPE, DE 19 DE OUTUBRO DE 2009"},"content":{"rendered":"\n<p>A Pr\u00f3-Reitora de Gest\u00e3o de Pessoas da Universidade Federal do Paran\u00e1, no uso de suas atribui\u00e7\u00f5es, tendo em vista a compet\u00eancia que lhe \u00e9 conferida pela Portaria n\u00ba 2.590, de 26 de setembro de 1997, de acordo com os \u00a7\u00a7 1\u00ba, 3\u00ba, 4\u00ba e 5\u00ba do Art. 10 da Lei n\u00ba 11.091\/05; Anexo XI da Lei n\u00ba 11.233\/05; Resolu\u00e7\u00e3o n\u00ba 03\/06- CNS; Parecer da Procuradoria Federal; e, o que consta no processo n\u00ba 103497\/2009-95,<\/p>\n\n\n<p><strong>RESOLVE:<\/strong><\/p>\n\n\n<p>Conceder o Incentivo \u00e0 Qualifica\u00e7\u00e3o no percentual de 27 (vinte e sete por cento), a partir de 28 de setembro de 2009, \u00e0 servidora JULLY CRISTINA SOBESAK TELES \u2013 201060, ocupante do cargo de Assistente em Administra\u00e7\u00e3o, lotada na Divis\u00e3o de Benef\u00edcios do Departamento de Administra\u00e7\u00e3o de Pessoal, tendo em vista ter apresentado Declara\u00e7\u00e3o de conclus\u00e3o do curso de Especializa\u00e7\u00e3o em MBA em Auditoria Integral, emitida pela Universidade Federal do Paran\u00e1.<\/p><p><\/p>\n\n\n<div style=\"height:15px\" aria-hidden=\"true\" class=\"wp-block-spacer\"><\/div>\n\n\n<div class=\"wp-block-buttons is-content-justification-right is-layout-flex wp-container-core-buttons-is-layout-1 wp-block-buttons-is-layout-flex\">\n<div class=\"wp-block-button has-custom-font-size is-style-outline has-small-font-size is-style-outline--1\"><a class=\"wp-block-button__link\" href=\"https:\/\/progepe.ufpr.br\/portarias\/wp-content\/uploads\/pcp\/PROGEPE\/2009\/3481PR.pdf\" style=\"border-radius:0px\" target=\"_blank\" rel=\"noreferrer noopener\">Acesse o arquivo da portaria<\/a><\/div><\/div>\n","protected":false},"excerpt":{"rendered":"<p>Conceder o Incentivo \u00e0 Qualifica\u00e7\u00e3o no percentual de 27 (vinte e sete por cento), a partir de 28 de setembro de 2009, \u00e0 servidora JULLY CRISTINA SOBESAK TELES \u2013 201060, ocupante do cargo de Assistente em Administra\u00e7\u00e3o, lotada na Divis\u00e3o de Benef\u00edcios do Departamento de Administra\u00e7\u00e3o de Pessoal, tendo em vista ter apresentado Declara\u00e7\u00e3o de conclus\u00e3o do curso de Especializa\u00e7\u00e3o em MBA em Auditoria Integral, emitida pela Universidade Federal do Paran\u00e1.  {&#8220;height&#8221;:&#8221;15px&#8221;} <\/p>\n<div style=\"height:15px\" aria-hidden=\"true\" class=\"wp-block-spacer\"> <!-- \/wp:spacer  {\"layout\":{\"type\":\"flex\",\"justifyContent\":\"right\"}} \n\n<div class=\"wp-block-buttons\"><!-- wp:button {\"style\":{\"border\":{\"radius\":\"0px\"}},\"className\":\"is-style-outline\",\"fontSize\":\"small\"} \n\n<div class=\"wp-block-button has-custom-font-size is-style-outline has-small-font-size\"><a class=\"wp-block-button__link\" href=\"https:\/\/progepe.ufpr.br\/portarias\/wp-content\/uploads\/pcp\/PROGEPE\/2009\/3481PR.pdf\" style=\"border-radius:0px\" target=\"_blank\" rel=\"\n<\/p>\n","protected":false},"author":41,"featured_media":0,"comment_status":"closed","ping_status":"closed","sticky":false,"template":"wp-custom-template-emissao-entre-01-05-2004-ate-30-06-2017","format":"standard","meta":{"_acf_changed":false,"iawp_total_views":0,"footnotes":""},"categories":[116],"tags":[142],"class_list":["post-176804","post","type-post","status-publish","format-standard","hentry","category-progepe","tag-incentivo-qualificacao"],"acf":[],"_links":{"self":[{"href":"https:\/\/progepe.ufpr.br\/portarias\/wp-json\/wp\/v2\/posts\/176804","targetHints":{"allow":["GET"]}}],"collection":[{"href":"https:\/\/progepe.ufpr.br\/portarias\/wp-json\/wp\/v2\/posts"}],"about":[{"href":"https:\/\/progepe.ufpr.br\/portarias\/wp-json\/wp\/v2\/types\/post"}],"author":[{"embeddable":true,"href":"https:\/\/progepe.ufpr.br\/portarias\/wp-json\/wp\/v2\/users\/41"}],"replies":[{"embeddable":true,"href":"https:\/\/progepe.ufpr.br\/portarias\/wp-json\/wp\/v2\/comments?post=176804"}],"version-history":[{"count":1,"href":"https:\/\/progepe.ufpr.br\/portarias\/wp-json\/wp\/v2\/posts\/176804\/revisions"}],"predecessor-version":[{"id":215626,"href":"https:\/\/progepe.ufpr.br\/portarias\/wp-json\/wp\/v2\/posts\/176804\/revisions\/215626"}],"wp:attachment":[{"href":"https:\/\/progepe.ufpr.br\/portarias\/wp-json\/wp\/v2\/media?parent=176804"}],"wp:term":[{"taxonomy":"category","embeddable":true,"href":"https:\/\/progepe.ufpr.br\/portarias\/wp-json\/wp\/v2\/categories?post=176804"},{"taxonomy":"post_tag","embeddable":true,"href":"https:\/\/progepe.ufpr.br\/portarias\/wp-json\/wp\/v2\/tags?post=176804"}],"curies":[{"name":"wp","href":"https:\/\/api.w.org\/{rel}","templated":true}]}}