{"id":176867,"date":"2009-03-12T10:19:00","date_gmt":"2009-03-12T13:19:00","guid":{"rendered":"http:\/\/progepe.ufpr.br\/portarias\/progepe-2009-00533\/"},"modified":"2023-08-03T11:16:15","modified_gmt":"2023-08-03T14:16:15","slug":"progepe-2009-00533","status":"publish","type":"post","link":"https:\/\/progepe.ufpr.br\/portarias\/progepe-2009-00533\/","title":{"rendered":"PORTARIA N\u00ba 00533\/PROGEPE, DE 12 DE MAR\u00c7O DE 2009"},"content":{"rendered":"\n<p>A Pr\u00f3-Reitora de Gest\u00e3o de Pessoas da Universidade Federal do Paran\u00e1, no uso de suas atribui\u00e7\u00f5es, tendo em vista a compet\u00eancia que lhe \u00e9 conferida pela Portaria n\u00ba 2.590, de 26 de setembro de 1997, de acordo com os Artigos 11 e 12 da Lei n\u00ba 11.091\/05, os Anexos II e III do Decreto n\u00ba 5.824\/06, o Anexo XV da Lei n\u00ba 11.784\/08 e ainda o que consta no processo n\u00ba 51248\/08- 26,<\/p>\n\n\n<p><strong>RESOLVE:<\/strong><\/p>\n\n\n<p>Conceder Incentivo \u00e0 Qualifica\u00e7\u00e3o, no percentual de 10 (dez por cento), a partir de 14 de novembro de 2008, \u00e0 servidora DJENANE THANS DA SILVA &#8211; 175960, Auxiliar de Enfermagem, lotada no Hospital de Cl\u00ednicas, por ter conclu\u00eddo, em 13.10.2008, o curso T\u00e9cnico em Enfermagem \u2013 Educa\u00e7\u00e3o Profissional T\u00e9cnica de N\u00edvel M\u00e9dio, conforme Declara\u00e7\u00e3o emitida em 12 de novembro de 2008 pelo Centro de Educa\u00e7\u00e3o Profissional do SENAC, em Curitiba \u2013 PR.<\/p><p><\/p>\n\n\n<div style=\"height:15px\" aria-hidden=\"true\" class=\"wp-block-spacer\"><\/div>\n\n\n<div class=\"wp-block-buttons is-content-justification-right is-layout-flex wp-container-core-buttons-is-layout-1 wp-block-buttons-is-layout-flex\">\n<div class=\"wp-block-button has-custom-font-size is-style-outline has-small-font-size is-style-outline--1\"><a class=\"wp-block-button__link\" href=\"https:\/\/progepe.ufpr.br\/portarias\/wp-content\/uploads\/pcp\/PROGEPE\/2009\/533PR.pdf\" style=\"border-radius:0px\" target=\"_blank\" rel=\"noreferrer noopener\">Acesse o arquivo da portaria<\/a><\/div><\/div>\n","protected":false},"excerpt":{"rendered":"<p>Conceder Incentivo \u00e0 Qualifica\u00e7\u00e3o, no percentual de 10 (dez por cento), a partir de 14 de novembro de 2008, \u00e0 servidora DJENANE THANS DA SILVA &#8211; 175960, Auxiliar de Enfermagem, lotada no Hospital de Cl\u00ednicas, por ter conclu\u00eddo, em 13.10.2008, o curso T\u00e9cnico em Enfermagem \u2013 Educa\u00e7\u00e3o Profissional T\u00e9cnica de N\u00edvel M\u00e9dio, conforme Declara\u00e7\u00e3o emitida em 12 de novembro de 2008 pelo Centro de Educa\u00e7\u00e3o Profissional do SENAC, em Curitiba \u2013 PR.  {&#8220;height&#8221;:&#8221;15px&#8221;} <\/p>\n<div style=\"height:15px\" aria-hidden=\"true\" class=\"wp-block-spacer\"> <!-- \/wp:spacer  {\"layout\":{\"type\":\"flex\",\"justifyContent\":\"right\"}} \n\n<div class=\"wp-block-buttons\"><!-- wp:button {\"style\":{\"border\":{\"radius\":\"0px\"}},\"className\":\"is-style-outline\",\"fontSize\":\"small\"} \n\n<div class=\"wp-block-button has-custom-font-size is-style-outline has-small-font-size\"><a class=\"wp-block-button__link\" href=\"https:\/\/progepe.ufpr.br\/portarias\/wp-content\/uploads\/pcp\/PROGEPE\/2009\/533PR.pdf\" style=\"border-radius:0px\" target=\"_blank\" rel=\"noreferrer noo\n<\/p>\n","protected":false},"author":41,"featured_media":0,"comment_status":"closed","ping_status":"closed","sticky":false,"template":"wp-custom-template-emissao-entre-01-05-2004-ate-30-06-2017","format":"standard","meta":{"_acf_changed":false,"iawp_total_views":1,"footnotes":""},"categories":[116],"tags":[142],"class_list":["post-176867","post","type-post","status-publish","format-standard","hentry","category-progepe","tag-incentivo-qualificacao"],"acf":[],"_links":{"self":[{"href":"https:\/\/progepe.ufpr.br\/portarias\/wp-json\/wp\/v2\/posts\/176867","targetHints":{"allow":["GET"]}}],"collection":[{"href":"https:\/\/progepe.ufpr.br\/portarias\/wp-json\/wp\/v2\/posts"}],"about":[{"href":"https:\/\/progepe.ufpr.br\/portarias\/wp-json\/wp\/v2\/types\/post"}],"author":[{"embeddable":true,"href":"https:\/\/progepe.ufpr.br\/portarias\/wp-json\/wp\/v2\/users\/41"}],"replies":[{"embeddable":true,"href":"https:\/\/progepe.ufpr.br\/portarias\/wp-json\/wp\/v2\/comments?post=176867"}],"version-history":[{"count":1,"href":"https:\/\/progepe.ufpr.br\/portarias\/wp-json\/wp\/v2\/posts\/176867\/revisions"}],"predecessor-version":[{"id":215689,"href":"https:\/\/progepe.ufpr.br\/portarias\/wp-json\/wp\/v2\/posts\/176867\/revisions\/215689"}],"wp:attachment":[{"href":"https:\/\/progepe.ufpr.br\/portarias\/wp-json\/wp\/v2\/media?parent=176867"}],"wp:term":[{"taxonomy":"category","embeddable":true,"href":"https:\/\/progepe.ufpr.br\/portarias\/wp-json\/wp\/v2\/categories?post=176867"},{"taxonomy":"post_tag","embeddable":true,"href":"https:\/\/progepe.ufpr.br\/portarias\/wp-json\/wp\/v2\/tags?post=176867"}],"curies":[{"name":"wp","href":"https:\/\/api.w.org\/{rel}","templated":true}]}}