{"id":176917,"date":"2009-05-29T10:03:00","date_gmt":"2009-05-29T13:03:00","guid":{"rendered":"http:\/\/progepe.ufpr.br\/portarias\/progepe-2009-01380\/"},"modified":"2023-08-03T11:17:28","modified_gmt":"2023-08-03T14:17:28","slug":"progepe-2009-01380","status":"publish","type":"post","link":"https:\/\/progepe.ufpr.br\/portarias\/progepe-2009-01380\/","title":{"rendered":"PORTARIA N\u00ba 01380\/PROGEPE, DE 29 DE MAIO DE 2009"},"content":{"rendered":"\n<p>A Pr\u00f3-Reitora de Gest\u00e3o de Pessoas da Universidade Federal do Paran\u00e1, no uso de suas atribui\u00e7\u00f5es, tendo em vista a compet\u00eancia que lhe \u00e9 conferida pela Portaria n\u00ba 2.590, de 26 de setembro de 1997 e considerando o que consta no processo n\u00ba 069616\/2009-73,<\/p>\n\n\n<p><strong>RESOLVE:<\/strong><\/p>\n\n\n<p>Alterar a Portaria n\u00ba 1.343\/PROGEPE, de 26 de maio de 2009, publicada no DOU de 28.05.2009, Se\u00e7\u00e3o 2, p\u00e1g. 20, referente \u00e0 nomea\u00e7\u00e3o em car\u00e1ter efetivo de UBIRAT\u00c3 DE ASSIS TEIXEIRA DA SILVA como Professor do Grupo Magist\u00e9rio Superior, classe Adjunto, para o Centro de Estudos do Mar do Setor de Ci\u00eancias da Terra, para fazer constar que o mesmo foi nomeado de acordo com a Portaria MP n\u00ba 286 de 02 de setembro de 2008, publicada no DOU de 03.09.2008 e Portaria n\u00ba 1.110\/MEC, de 04 de setembro de 2008, publicada no DOU de 05.09.2008, e n\u00e3o como constou no referido ato.<\/p><p><\/p>\n\n\n<div style=\"height:15px\" aria-hidden=\"true\" class=\"wp-block-spacer\"><\/div>\n\n\n<div class=\"wp-block-buttons is-content-justification-right is-layout-flex wp-container-core-buttons-is-layout-1 wp-block-buttons-is-layout-flex\">\n<div class=\"wp-block-button has-custom-font-size is-style-outline has-small-font-size is-style-outline--1\"><a class=\"wp-block-button__link\" href=\"https:\/\/progepe.ufpr.br\/portarias\/wp-content\/uploads\/pcp\/PROGEPE\/2009\/1380PR.pdf\" style=\"border-radius:0px\" target=\"_blank\" rel=\"noreferrer noopener\">Acesse o arquivo da portaria<\/a><\/div><\/div>\n","protected":false},"excerpt":{"rendered":"<p>Alterar a Portaria n\u00ba 1.343\/PROGEPE, de 26 de maio de 2009, publicada no DOU de 28.05.2009, Se\u00e7\u00e3o 2, p\u00e1g. 20, referente \u00e0 nomea\u00e7\u00e3o em car\u00e1ter efetivo de UBIRAT\u00c3 DE ASSIS TEIXEIRA DA SILVA como Professor do Grupo Magist\u00e9rio Superior, classe Adjunto, para o Centro de Estudos do Mar do Setor de Ci\u00eancias da Terra, para fazer constar que o mesmo foi nomeado de acordo com a Portaria MP n\u00ba 286 de 02 de setembro de 2008, publicada no DOU de 03.09.2008 e Portaria n\u00ba 1.110\/MEC, de 04 de setembro de 2008, publicada no DOU de 05.09.2008, e n\u00e3o<\/p>\n","protected":false},"author":41,"featured_media":0,"comment_status":"closed","ping_status":"closed","sticky":false,"template":"wp-custom-template-emissao-entre-01-05-2004-ate-30-06-2017","format":"standard","meta":{"_acf_changed":false,"iawp_total_views":0,"footnotes":""},"categories":[116],"tags":[121],"class_list":["post-176917","post","type-post","status-publish","format-standard","hentry","category-progepe","tag-nomeacao"],"acf":[],"_links":{"self":[{"href":"https:\/\/progepe.ufpr.br\/portarias\/wp-json\/wp\/v2\/posts\/176917","targetHints":{"allow":["GET"]}}],"collection":[{"href":"https:\/\/progepe.ufpr.br\/portarias\/wp-json\/wp\/v2\/posts"}],"about":[{"href":"https:\/\/progepe.ufpr.br\/portarias\/wp-json\/wp\/v2\/types\/post"}],"author":[{"embeddable":true,"href":"https:\/\/progepe.ufpr.br\/portarias\/wp-json\/wp\/v2\/users\/41"}],"replies":[{"embeddable":true,"href":"https:\/\/progepe.ufpr.br\/portarias\/wp-json\/wp\/v2\/comments?post=176917"}],"version-history":[{"count":1,"href":"https:\/\/progepe.ufpr.br\/portarias\/wp-json\/wp\/v2\/posts\/176917\/revisions"}],"predecessor-version":[{"id":215739,"href":"https:\/\/progepe.ufpr.br\/portarias\/wp-json\/wp\/v2\/posts\/176917\/revisions\/215739"}],"wp:attachment":[{"href":"https:\/\/progepe.ufpr.br\/portarias\/wp-json\/wp\/v2\/media?parent=176917"}],"wp:term":[{"taxonomy":"category","embeddable":true,"href":"https:\/\/progepe.ufpr.br\/portarias\/wp-json\/wp\/v2\/categories?post=176917"},{"taxonomy":"post_tag","embeddable":true,"href":"https:\/\/progepe.ufpr.br\/portarias\/wp-json\/wp\/v2\/tags?post=176917"}],"curies":[{"name":"wp","href":"https:\/\/api.w.org\/{rel}","templated":true}]}}