{"id":177011,"date":"2009-09-21T10:00:00","date_gmt":"2009-09-21T13:00:00","guid":{"rendered":"http:\/\/progepe.ufpr.br\/portarias\/progepe-2009-03231\/"},"modified":"2023-07-31T17:38:55","modified_gmt":"2023-07-31T20:38:55","slug":"progepe-2009-03231","status":"publish","type":"post","link":"https:\/\/progepe.ufpr.br\/portarias\/progepe-2009-03231\/","title":{"rendered":"PORTARIA N\u00ba 03231\/PROGEPE, DE 21 DE SETEMBRO DE 2009"},"content":{"rendered":"\n<p>A Pr\u00f3-Reitora de Gest\u00e3o de Pessoas da Universidade Federal do Paran\u00e1, no uso de suas atribui\u00e7\u00f5es, tendo em vista a compet\u00eancia que lhe \u00e9 conferida pela Portaria n\u00ba 2.590, de 26 de setembro de 1997 e considerando o que consta no processo n\u00ba 096810\/2009-21,<\/p>\n\n\n<p><strong>RESOLVE:<\/strong><\/p>\n\n\n<p>Tornar sem efeito a Portaria n\u00ba 2821\/PROGEPE, de 12 de agosto de 2009, publicada no Di\u00e1rio Oficial da Uni\u00e3o de 14.08.09, Se\u00e7\u00e3o II, p\u00e1gina 24, referente \u00e0 nomea\u00e7\u00e3o em car\u00e1ter efetivo, de ANA PAULA RAITTZ CAVALLET MENGARELLI, como Professor do Grupo Magist\u00e9rio Superior, Classe Assistente, para a Coordena\u00e7\u00e3o do Curso de Tecnologia em Comunica\u00e7\u00e3o Institucional da Escola T\u00e9cnica, tendo em vista a desist\u00eancia da mesma.<\/p><p><\/p>\n\n\n<div style=\"height:15px\" aria-hidden=\"true\" class=\"wp-block-spacer\"><\/div>\n\n\n<div class=\"wp-block-buttons is-content-justification-right is-layout-flex wp-container-core-buttons-is-layout-1 wp-block-buttons-is-layout-flex\">\n<div class=\"wp-block-button has-custom-font-size is-style-outline has-small-font-size is-style-outline--1\"><a class=\"wp-block-button__link\" href=\"https:\/\/progepe.ufpr.br\/portarias\/wp-content\/uploads\/pcp\/PROGEPE\/2009\/3231PR.pdf\" style=\"border-radius:0px\" target=\"_blank\" rel=\"noreferrer noopener\">Acesse o arquivo da portaria<\/a><\/div><\/div>\n","protected":false},"excerpt":{"rendered":"<p>Tornar sem efeito a Portaria n\u00ba 2821\/PROGEPE, de 12 de agosto de 2009, publicada no Di\u00e1rio Oficial da Uni\u00e3o de 14.08.09, Se\u00e7\u00e3o II, p\u00e1gina 24, referente \u00e0 nomea\u00e7\u00e3o em car\u00e1ter efetivo, de ANA PAULA RAITTZ CAVALLET MENGARELLI, como Professor do Grupo Magist\u00e9rio Superior, Classe Assistente, para a Coordena\u00e7\u00e3o do Curso de Tecnologia em Comunica\u00e7\u00e3o Institucional da Escola T\u00e9cnica, tendo em vista a desist\u00eancia da mesma.  {&#8220;height&#8221;:&#8221;15px&#8221;} <\/p>\n<div style=\"height:15px\" aria-hidden=\"true\" class=\"wp-block-spacer\"> <!-- \/wp:spacer  {\"layout\":{\"type\":\"flex\",\"justifyContent\":\"right\"}} \n\n<div class=\"wp-block-buttons\"><!-- wp:button {\"style\":{\"border\":{\"radius\":\"0px\"}},\"className\":\"is-style-outline\",\"fontSize\":\"small\"} \n\n<div class=\"wp-block-button has-custom-font-size is-style-outline has-small-font-size\"><a class=\"wp-block-button__link\" href=\"https:\/\/progepe.ufpr.br\/portarias\/wp-content\/uploads\/pcp\/PROGEPE\/2009\/3231PR.pdf\" style=\"border-radius:0px\" target=\"_blank\" rel=\"noreferrer noopener\">Acesse o arquiv\n<\/p>\n","protected":false},"author":41,"featured_media":0,"comment_status":"closed","ping_status":"closed","sticky":false,"template":"wp-custom-template-emissao-entre-01-05-2004-ate-30-06-2017","format":"standard","meta":{"_acf_changed":false,"iawp_total_views":0,"footnotes":""},"categories":[116],"tags":[121],"class_list":["post-177011","post","type-post","status-publish","format-standard","hentry","category-progepe","tag-nomeacao"],"acf":[],"_links":{"self":[{"href":"https:\/\/progepe.ufpr.br\/portarias\/wp-json\/wp\/v2\/posts\/177011","targetHints":{"allow":["GET"]}}],"collection":[{"href":"https:\/\/progepe.ufpr.br\/portarias\/wp-json\/wp\/v2\/posts"}],"about":[{"href":"https:\/\/progepe.ufpr.br\/portarias\/wp-json\/wp\/v2\/types\/post"}],"author":[{"embeddable":true,"href":"https:\/\/progepe.ufpr.br\/portarias\/wp-json\/wp\/v2\/users\/41"}],"replies":[{"embeddable":true,"href":"https:\/\/progepe.ufpr.br\/portarias\/wp-json\/wp\/v2\/comments?post=177011"}],"version-history":[{"count":1,"href":"https:\/\/progepe.ufpr.br\/portarias\/wp-json\/wp\/v2\/posts\/177011\/revisions"}],"predecessor-version":[{"id":215833,"href":"https:\/\/progepe.ufpr.br\/portarias\/wp-json\/wp\/v2\/posts\/177011\/revisions\/215833"}],"wp:attachment":[{"href":"https:\/\/progepe.ufpr.br\/portarias\/wp-json\/wp\/v2\/media?parent=177011"}],"wp:term":[{"taxonomy":"category","embeddable":true,"href":"https:\/\/progepe.ufpr.br\/portarias\/wp-json\/wp\/v2\/categories?post=177011"},{"taxonomy":"post_tag","embeddable":true,"href":"https:\/\/progepe.ufpr.br\/portarias\/wp-json\/wp\/v2\/tags?post=177011"}],"curies":[{"name":"wp","href":"https:\/\/api.w.org\/{rel}","templated":true}]}}