{"id":177061,"date":"2009-10-21T10:04:00","date_gmt":"2009-10-21T12:04:00","guid":{"rendered":"http:\/\/progepe.ufpr.br\/portarias\/progepe-2009-03500\/"},"modified":"2023-08-03T11:20:37","modified_gmt":"2023-08-03T14:20:37","slug":"progepe-2009-03500","status":"publish","type":"post","link":"https:\/\/progepe.ufpr.br\/portarias\/progepe-2009-03500\/","title":{"rendered":"PORTARIA N\u00ba 03500\/PROGEPE, DE 21 DE OUTUBRO DE 2009"},"content":{"rendered":"\n<p>A Pr\u00f3-Reitora de Gest\u00e3o de Pessoas da Universidade Federal do Paran\u00e1, no uso de suas atribui\u00e7\u00f5es, tendo em vista a compet\u00eancia que lhe \u00e9 conferida pela Portaria n\u00ba 2.590, de 26 de setembro de 1997, o que consta no artigo 9\u00ba, inciso I da Lei n\u00ba 8.112\/90 e de acordo com as Portarias MPOG n\u00ba 286, de 02 de setembro de 2008, publicada no DOU de 03.09.2008 e n\u00ba 312 de 23 de setembro de 2009, publicada no DOU de 24.09.2009; Portarias do MEC n\u00ba 1.226, de 06 de outubro de 2008, publicada no DOU de 07.10.2008 e n\u00ba 930, de 29 de setembro de 2009, publicada no DOU de 30.09.2009; e ainda o contido no processo n\u00ba 094917\/2009-35,<\/p>\n\n\n<p><strong>RESOLVE:<\/strong><\/p>\n\n\n<p>I. Nomear em car\u00e1ter efetivo, ALLAN VALENZA DA SILVEIRA, habilitado em concurso p\u00fablico de provas e t\u00edtulos, homologado em 25.06.2009, para o cargo de Professor do Grupo Magist\u00e9rio Superior, classe Assistente, n\u00edvel I, em regime de trabalho de dedica\u00e7\u00e3o exclusiva, na \u00e1rea de Hist\u00f3ria das Id\u00e9ias, Cultura Brasileira, Literatura Dram\u00e1tica, Produ\u00e7\u00e3o de Texto; da Coordena\u00e7\u00e3o do Curso de Tecnologia em Produ\u00e7\u00e3o C\u00eanica \u2013 Forma\u00e7\u00e3o de Atores; do Setor de Educa\u00e7\u00e3o Profissional e Tecnol\u00f3gica, na vaga de c\u00f3digo n\u00ba 855431.<\/p><p> II. Conceder retribui\u00e7\u00e3o por titula\u00e7\u00e3o, de acordo com o artigo 20 da Lei n\u00ba 11.784\/2008, a partir da data de exerc\u00edcio, tendo em vista possuir o t\u00edtulo de Mestre em Letras.<\/p><p><\/p>\n\n\n<div style=\"height:15px\" aria-hidden=\"true\" class=\"wp-block-spacer\"><\/div>\n\n\n<div class=\"wp-block-buttons is-content-justification-right is-layout-flex wp-container-core-buttons-is-layout-1 wp-block-buttons-is-layout-flex\">\n<div class=\"wp-block-button has-custom-font-size is-style-outline has-small-font-size is-style-outline--1\"><a class=\"wp-block-button__link\" href=\"https:\/\/progepe.ufpr.br\/portarias\/wp-content\/uploads\/pcp\/PROGEPE\/2009\/3500PR.pdf\" style=\"border-radius:0px\" target=\"_blank\" rel=\"noreferrer noopener\">Acesse o arquivo da portaria<\/a><\/div><\/div>\n","protected":false},"excerpt":{"rendered":"<p>I. Nomear em car\u00e1ter efetivo, ALLAN VALENZA DA SILVEIRA, habilitado em concurso p\u00fablico de provas e t\u00edtulos, homologado em 25.06.2009, para o cargo de Professor do Grupo Magist\u00e9rio Superior, classe Assistente, n\u00edvel I, em regime de trabalho de dedica\u00e7\u00e3o exclusiva, na \u00e1rea de Hist\u00f3ria das Id\u00e9ias, Cultura Brasileira, Literatura Dram\u00e1tica, Produ\u00e7\u00e3o de Texto; da Coordena\u00e7\u00e3o do Curso de Tecnologia em Produ\u00e7\u00e3o C\u00eanica \u2013 Forma\u00e7\u00e3o de Atores; do Setor de Educa\u00e7\u00e3o Profissional e Tecnol\u00f3gica, na vaga de c\u00f3digo n\u00ba 855431. II. Conceder retribui\u00e7\u00e3o por titula\u00e7\u00e3o, de acordo com o artigo 20 da Lei n\u00ba 11.784\/2008, a partir da data<\/p>\n","protected":false},"author":41,"featured_media":0,"comment_status":"closed","ping_status":"closed","sticky":false,"template":"wp-custom-template-emissao-entre-01-05-2004-ate-30-06-2017","format":"standard","meta":{"_acf_changed":false,"iawp_total_views":0,"footnotes":""},"categories":[116],"tags":[121],"class_list":["post-177061","post","type-post","status-publish","format-standard","hentry","category-progepe","tag-nomeacao"],"acf":[],"_links":{"self":[{"href":"https:\/\/progepe.ufpr.br\/portarias\/wp-json\/wp\/v2\/posts\/177061","targetHints":{"allow":["GET"]}}],"collection":[{"href":"https:\/\/progepe.ufpr.br\/portarias\/wp-json\/wp\/v2\/posts"}],"about":[{"href":"https:\/\/progepe.ufpr.br\/portarias\/wp-json\/wp\/v2\/types\/post"}],"author":[{"embeddable":true,"href":"https:\/\/progepe.ufpr.br\/portarias\/wp-json\/wp\/v2\/users\/41"}],"replies":[{"embeddable":true,"href":"https:\/\/progepe.ufpr.br\/portarias\/wp-json\/wp\/v2\/comments?post=177061"}],"version-history":[{"count":1,"href":"https:\/\/progepe.ufpr.br\/portarias\/wp-json\/wp\/v2\/posts\/177061\/revisions"}],"predecessor-version":[{"id":215883,"href":"https:\/\/progepe.ufpr.br\/portarias\/wp-json\/wp\/v2\/posts\/177061\/revisions\/215883"}],"wp:attachment":[{"href":"https:\/\/progepe.ufpr.br\/portarias\/wp-json\/wp\/v2\/media?parent=177061"}],"wp:term":[{"taxonomy":"category","embeddable":true,"href":"https:\/\/progepe.ufpr.br\/portarias\/wp-json\/wp\/v2\/categories?post=177061"},{"taxonomy":"post_tag","embeddable":true,"href":"https:\/\/progepe.ufpr.br\/portarias\/wp-json\/wp\/v2\/tags?post=177061"}],"curies":[{"name":"wp","href":"https:\/\/api.w.org\/{rel}","templated":true}]}}