{"id":177237,"date":"2009-03-19T10:31:00","date_gmt":"2009-03-19T13:31:00","guid":{"rendered":"http:\/\/progepe.ufpr.br\/portarias\/progepe-2009-00638\/"},"modified":"2023-08-03T11:16:24","modified_gmt":"2023-08-03T14:16:24","slug":"progepe-2009-00638","status":"publish","type":"post","link":"https:\/\/progepe.ufpr.br\/portarias\/progepe-2009-00638\/","title":{"rendered":"PORTARIA N\u00ba 00638\/PROGEPE, DE 19 DE MAR\u00c7O DE 2009"},"content":{"rendered":"\n<p>A Pr\u00f3-Reitora de Gest\u00e3o de Pessoas da Universidade Federal do Paran\u00e1, no uso de suas atribui\u00e7\u00f5es, tendo em vista a compet\u00eancia que lhe \u00e9 conferida pela Portaria n\u00ba 2.590, de 26 de setembro de 1997, o que consta no artigo 9\u00ba, inciso I da Lei n\u00ba 8.112\/90 e de acordo com a Portaria Normativa Interministerial MP\/MEC n\u00b0 22, de 30.04.2007, retificada pela Portaria Interministerial MP\/MEC n\u00b0 224, de 23.07.2007; Nota T\u00e9cnica n\u00b0 01\/2007 &#8211; DEDES\/SESU\/MEC, de 03.08.2007; e ainda o contido no processo n\u00ba 60378\/09-31,<\/p>\n\n\n<p><strong>RESOLVE:<\/strong><\/p>\n\n\n<p>Nomear em car\u00e1ter efetivo RAFAEL PIO, habilitado em concurso p\u00fablico de provas e t\u00edtulos, homologado em 10.12.2008, para o cargo de Professor do Grupo Magist\u00e9rio Superior, classe Adjunto, n\u00edvel I, em regime de trabalho de Dedica\u00e7\u00e3o Exclusiva para o Departamento de Fitotecnia e Fitossanitarismo; \u00c1rea de Conhecimento: Agronomia &#8211; Horticultura do Setor de Ci\u00eancias Agr\u00e1rias, na vaga de c\u00f3digo n\u00ba 263024.<\/p><p> II. Conceder acr\u00e9scimo salarial, de acordo com o artigo 6\u00ba da Lei n\u00ba 11.344\/2006, a partir da data de inicio de exerc\u00edcio, tendo em vista possuir o t\u00edtulo de Doutor em Agronomia; \u00e1rea de concentra\u00e7\u00e3o em Fitotecnia.<\/p><p><\/p>\n\n\n<div style=\"height:15px\" aria-hidden=\"true\" class=\"wp-block-spacer\"><\/div>\n\n\n<div class=\"wp-block-buttons is-content-justification-right is-layout-flex wp-container-core-buttons-is-layout-1 wp-block-buttons-is-layout-flex\">\n<div class=\"wp-block-button has-custom-font-size is-style-outline has-small-font-size is-style-outline--1\"><a class=\"wp-block-button__link\" href=\"https:\/\/progepe.ufpr.br\/portarias\/wp-content\/uploads\/pcp\/PROGEPE\/2009\/638PR.pdf\" style=\"border-radius:0px\" target=\"_blank\" rel=\"noreferrer noopener\">Acesse o arquivo da portaria<\/a><\/div><\/div>\n","protected":false},"excerpt":{"rendered":"<p>Nomear em car\u00e1ter efetivo RAFAEL PIO, habilitado em concurso p\u00fablico de provas e t\u00edtulos, homologado em 10.12.2008, para o cargo de Professor do Grupo Magist\u00e9rio Superior, classe Adjunto, n\u00edvel I, em regime de trabalho de Dedica\u00e7\u00e3o Exclusiva para o Departamento de Fitotecnia e Fitossanitarismo; \u00c1rea de Conhecimento: Agronomia &#8211; Horticultura do Setor de Ci\u00eancias Agr\u00e1rias, na vaga de c\u00f3digo n\u00ba 263024. II. Conceder acr\u00e9scimo salarial, de acordo com o artigo 6\u00ba da Lei n\u00ba 11.344\/2006, a partir da data de inicio de exerc\u00edcio, tendo em vista possuir o t\u00edtulo de Doutor em Agronomia; \u00e1rea de concentra\u00e7\u00e3o em Fitotecnia.<\/p>\n","protected":false},"author":41,"featured_media":0,"comment_status":"closed","ping_status":"closed","sticky":false,"template":"wp-custom-template-emissao-entre-01-05-2004-ate-30-06-2017","format":"standard","meta":{"_acf_changed":false,"iawp_total_views":0,"footnotes":""},"categories":[116],"tags":[121],"class_list":["post-177237","post","type-post","status-publish","format-standard","hentry","category-progepe","tag-nomeacao"],"acf":[],"_links":{"self":[{"href":"https:\/\/progepe.ufpr.br\/portarias\/wp-json\/wp\/v2\/posts\/177237","targetHints":{"allow":["GET"]}}],"collection":[{"href":"https:\/\/progepe.ufpr.br\/portarias\/wp-json\/wp\/v2\/posts"}],"about":[{"href":"https:\/\/progepe.ufpr.br\/portarias\/wp-json\/wp\/v2\/types\/post"}],"author":[{"embeddable":true,"href":"https:\/\/progepe.ufpr.br\/portarias\/wp-json\/wp\/v2\/users\/41"}],"replies":[{"embeddable":true,"href":"https:\/\/progepe.ufpr.br\/portarias\/wp-json\/wp\/v2\/comments?post=177237"}],"version-history":[{"count":1,"href":"https:\/\/progepe.ufpr.br\/portarias\/wp-json\/wp\/v2\/posts\/177237\/revisions"}],"predecessor-version":[{"id":216059,"href":"https:\/\/progepe.ufpr.br\/portarias\/wp-json\/wp\/v2\/posts\/177237\/revisions\/216059"}],"wp:attachment":[{"href":"https:\/\/progepe.ufpr.br\/portarias\/wp-json\/wp\/v2\/media?parent=177237"}],"wp:term":[{"taxonomy":"category","embeddable":true,"href":"https:\/\/progepe.ufpr.br\/portarias\/wp-json\/wp\/v2\/categories?post=177237"},{"taxonomy":"post_tag","embeddable":true,"href":"https:\/\/progepe.ufpr.br\/portarias\/wp-json\/wp\/v2\/tags?post=177237"}],"curies":[{"name":"wp","href":"https:\/\/api.w.org\/{rel}","templated":true}]}}