{"id":177279,"date":"2009-08-17T10:23:00","date_gmt":"2009-08-17T13:23:00","guid":{"rendered":"http:\/\/progepe.ufpr.br\/portarias\/progepe-2009-02893\/"},"modified":"2023-08-03T11:19:44","modified_gmt":"2023-08-03T14:19:44","slug":"progepe-2009-02893","status":"publish","type":"post","link":"https:\/\/progepe.ufpr.br\/portarias\/progepe-2009-02893\/","title":{"rendered":"PORTARIA N\u00ba 02893\/PROGEPE, DE 17 DE AGOSTO DE 2009"},"content":{"rendered":"\n<p>A Pr\u00f3-Reitora de Gest\u00e3o de Pessoas da Universidade Federal do Paran\u00e1, no uso de suas atribui\u00e7\u00f5es, tendo em vista a compet\u00eancia que lhe \u00e9 conferida pela Portaria n\u00ba 2.590, de 26 de setembro de 1997, nos termos do Art. 40, \u00a7 7\u00ba da E. C. n\u00ba 41\/2003 e Lei n\u00ba 10.887\/2004 e considerando o contido no processo n\u00ba 089194\/2009-52,<\/p>\n\n\n<p><strong>RESOLVE:<\/strong><\/p>\n\n\n<p>Conceder benef\u00edcio de pens\u00e3o vital\u00edcia a partir de 29 de junho de 2009, data do falecimento de MARILENE DE F\u00c1TIMA BILL HORNING &#8211; 89290, nos termos do Art. 217, incisos I, al\u00ednea a da Lei 8.112, de 11 de dezembro de 1990, ao c\u00f4njuge MOACIR BELARMINO DA SILVEIRA, na categoria funcional de T\u00e9cnico em Enfermagem, n\u00edvel de classifica\u00e7\u00e3o D, n\u00edvel de capacita\u00e7\u00e3o I, padr\u00e3o de vencimento 14, em regime de 40 (quarenta) horas semanais, calculado com base nos proventos percebidos pela ex- servidora, forma preceituada no \u00a7 7\u00ba e \u00a7 18\u00ba do Art. 40 da Emenda Constitucional 41\/03 c\/c Art. 2\u00ba da Lei n\u00ba 10.887\/2004.<\/p><p><\/p>\n\n\n<div style=\"height:15px\" aria-hidden=\"true\" class=\"wp-block-spacer\"><\/div>\n\n\n<div class=\"wp-block-buttons is-content-justification-right is-layout-flex wp-container-core-buttons-is-layout-1 wp-block-buttons-is-layout-flex\">\n<div class=\"wp-block-button has-custom-font-size is-style-outline has-small-font-size is-style-outline--1\"><a class=\"wp-block-button__link\" href=\"https:\/\/progepe.ufpr.br\/portarias\/wp-content\/uploads\/pcp\/PROGEPE\/2009\/2893PR.pdf\" style=\"border-radius:0px\" target=\"_blank\" rel=\"noreferrer noopener\">Acesse o arquivo da portaria<\/a><\/div><\/div>\n","protected":false},"excerpt":{"rendered":"<p>Conceder benef\u00edcio de pens\u00e3o vital\u00edcia a partir de 29 de junho de 2009, data do falecimento de MARILENE DE F\u00c1TIMA BILL HORNING &#8211; 89290, nos termos do Art. 217, incisos I, al\u00ednea a da Lei 8.112, de 11 de dezembro de 1990, ao c\u00f4njuge MOACIR BELARMINO DA SILVEIRA, na categoria funcional de T\u00e9cnico em Enfermagem, n\u00edvel de classifica\u00e7\u00e3o D, n\u00edvel de capacita\u00e7\u00e3o I, padr\u00e3o de vencimento 14, em regime de 40 (quarenta) horas semanais, calculado com base nos proventos percebidos pela ex- servidora, forma preceituada no \u00a7 7\u00ba e \u00a7 18\u00ba do Art. 40 da Emenda Constitucional 41\/03<\/p>\n","protected":false},"author":41,"featured_media":0,"comment_status":"closed","ping_status":"closed","sticky":false,"template":"wp-custom-template-emissao-entre-01-05-2004-ate-30-06-2017","format":"standard","meta":{"_acf_changed":false,"iawp_total_views":0,"footnotes":""},"categories":[116],"tags":[145],"class_list":["post-177279","post","type-post","status-publish","format-standard","hentry","category-progepe","tag-pensao"],"acf":[],"_links":{"self":[{"href":"https:\/\/progepe.ufpr.br\/portarias\/wp-json\/wp\/v2\/posts\/177279","targetHints":{"allow":["GET"]}}],"collection":[{"href":"https:\/\/progepe.ufpr.br\/portarias\/wp-json\/wp\/v2\/posts"}],"about":[{"href":"https:\/\/progepe.ufpr.br\/portarias\/wp-json\/wp\/v2\/types\/post"}],"author":[{"embeddable":true,"href":"https:\/\/progepe.ufpr.br\/portarias\/wp-json\/wp\/v2\/users\/41"}],"replies":[{"embeddable":true,"href":"https:\/\/progepe.ufpr.br\/portarias\/wp-json\/wp\/v2\/comments?post=177279"}],"version-history":[{"count":1,"href":"https:\/\/progepe.ufpr.br\/portarias\/wp-json\/wp\/v2\/posts\/177279\/revisions"}],"predecessor-version":[{"id":216101,"href":"https:\/\/progepe.ufpr.br\/portarias\/wp-json\/wp\/v2\/posts\/177279\/revisions\/216101"}],"wp:attachment":[{"href":"https:\/\/progepe.ufpr.br\/portarias\/wp-json\/wp\/v2\/media?parent=177279"}],"wp:term":[{"taxonomy":"category","embeddable":true,"href":"https:\/\/progepe.ufpr.br\/portarias\/wp-json\/wp\/v2\/categories?post=177279"},{"taxonomy":"post_tag","embeddable":true,"href":"https:\/\/progepe.ufpr.br\/portarias\/wp-json\/wp\/v2\/tags?post=177279"}],"curies":[{"name":"wp","href":"https:\/\/api.w.org\/{rel}","templated":true}]}}