{"id":177281,"date":"2009-08-24T10:00:00","date_gmt":"2009-08-24T13:00:00","guid":{"rendered":"http:\/\/progepe.ufpr.br\/portarias\/progepe-2009-02960\/"},"modified":"2023-07-31T17:39:23","modified_gmt":"2023-07-31T20:39:23","slug":"progepe-2009-02960","status":"publish","type":"post","link":"https:\/\/progepe.ufpr.br\/portarias\/progepe-2009-02960\/","title":{"rendered":"PORTARIA N\u00ba 02960\/PROGEPE, DE 24 DE AGOSTO DE 2009"},"content":{"rendered":"\n<p>A Pr\u00f3-Reitora de Gest\u00e3o de Pessoas da Universidade Federal do Paran\u00e1, no uso de suas atribui\u00e7\u00f5es, tendo em vista a compet\u00eancia que lhe \u00e9 conferida pela Portaria n\u00ba 2.590, de 26 de setembro de 1997, nos termos do Art. 40, \u00a7 7\u00ba da E. C. n\u00ba 41\/2003 e Lei n\u00ba 10.887\/2004 e considerando o contido no processo n\u00ba 094936\/2009-61,<\/p>\n\n\n<p><strong>RESOLVE:<\/strong><\/p>\n\n\n<p>Conceder benef\u00edcio de pens\u00e3o vital\u00edcia a partir de 11 de julho de 2009, data do falecimento de JO\u00c3O GILBERTO SPROTTE MIRA &#8211; 33391, nos termos do Art.<\/p><p> 217, incisos I, al\u00ednea a da Lei 8.112, de 11 de dezembro de 1990, a c\u00f4njuge DIRCE MARQUES MIRA, na categoria funcional de Professor de III Grau, classe Adjunto, n\u00edvel IV, classe 6, em regime de 40 (quarenta) horas semanais, calculado com base nos proventos percebidos pelo ex- servidor, forma preceituada no \u00a7 7\u00ba e \u00a7 18\u00ba do Art. 40 da Emenda Constitucional 41\/03 c\/c Art. 2\u00ba da Lei n\u00ba 10.887\/2004.<\/p><p><\/p>\n\n\n<div style=\"height:15px\" aria-hidden=\"true\" class=\"wp-block-spacer\"><\/div>\n\n\n<div class=\"wp-block-buttons is-content-justification-right is-layout-flex wp-container-core-buttons-is-layout-1 wp-block-buttons-is-layout-flex\">\n<div class=\"wp-block-button has-custom-font-size is-style-outline has-small-font-size is-style-outline--1\"><a class=\"wp-block-button__link\" href=\"https:\/\/progepe.ufpr.br\/portarias\/wp-content\/uploads\/pcp\/PROGEPE\/2009\/2960PR.pdf\" style=\"border-radius:0px\" target=\"_blank\" rel=\"noreferrer noopener\">Acesse o arquivo da portaria<\/a><\/div><\/div>\n","protected":false},"excerpt":{"rendered":"<p>Conceder benef\u00edcio de pens\u00e3o vital\u00edcia a partir de 11 de julho de 2009, data do falecimento de JO\u00c3O GILBERTO SPROTTE MIRA &#8211; 33391, nos termos do Art. 217, incisos I, al\u00ednea a da Lei 8.112, de 11 de dezembro de 1990, a c\u00f4njuge DIRCE MARQUES MIRA, na categoria funcional de Professor de III Grau, classe Adjunto, n\u00edvel IV, classe 6, em regime de 40 (quarenta) horas semanais, calculado com base nos proventos percebidos pelo ex- servidor, forma preceituada no \u00a7 7\u00ba e \u00a7 18\u00ba do Art. 40 da Emenda Constitucional 41\/03 c\/c Art. 2\u00ba da Lei n\u00ba 10.887\/2004.<\/p>\n","protected":false},"author":41,"featured_media":0,"comment_status":"closed","ping_status":"closed","sticky":false,"template":"wp-custom-template-emissao-entre-01-05-2004-ate-30-06-2017","format":"standard","meta":{"_acf_changed":false,"iawp_total_views":0,"footnotes":""},"categories":[116],"tags":[145],"class_list":["post-177281","post","type-post","status-publish","format-standard","hentry","category-progepe","tag-pensao"],"acf":[],"_links":{"self":[{"href":"https:\/\/progepe.ufpr.br\/portarias\/wp-json\/wp\/v2\/posts\/177281","targetHints":{"allow":["GET"]}}],"collection":[{"href":"https:\/\/progepe.ufpr.br\/portarias\/wp-json\/wp\/v2\/posts"}],"about":[{"href":"https:\/\/progepe.ufpr.br\/portarias\/wp-json\/wp\/v2\/types\/post"}],"author":[{"embeddable":true,"href":"https:\/\/progepe.ufpr.br\/portarias\/wp-json\/wp\/v2\/users\/41"}],"replies":[{"embeddable":true,"href":"https:\/\/progepe.ufpr.br\/portarias\/wp-json\/wp\/v2\/comments?post=177281"}],"version-history":[{"count":1,"href":"https:\/\/progepe.ufpr.br\/portarias\/wp-json\/wp\/v2\/posts\/177281\/revisions"}],"predecessor-version":[{"id":216103,"href":"https:\/\/progepe.ufpr.br\/portarias\/wp-json\/wp\/v2\/posts\/177281\/revisions\/216103"}],"wp:attachment":[{"href":"https:\/\/progepe.ufpr.br\/portarias\/wp-json\/wp\/v2\/media?parent=177281"}],"wp:term":[{"taxonomy":"category","embeddable":true,"href":"https:\/\/progepe.ufpr.br\/portarias\/wp-json\/wp\/v2\/categories?post=177281"},{"taxonomy":"post_tag","embeddable":true,"href":"https:\/\/progepe.ufpr.br\/portarias\/wp-json\/wp\/v2\/tags?post=177281"}],"curies":[{"name":"wp","href":"https:\/\/api.w.org\/{rel}","templated":true}]}}