{"id":178047,"date":"2009-03-24T10:22:00","date_gmt":"2009-03-24T13:22:00","guid":{"rendered":"http:\/\/progepe.ufpr.br\/portarias\/progepe-2009-00690\/"},"modified":"2023-08-03T11:16:28","modified_gmt":"2023-08-03T14:16:28","slug":"progepe-2009-00690","status":"publish","type":"post","link":"https:\/\/progepe.ufpr.br\/portarias\/progepe-2009-00690\/","title":{"rendered":"PORTARIA N\u00ba 00690\/PROGEPE, DE 24 DE MAR\u00c7O DE 2009"},"content":{"rendered":"\n<p>A Pr\u00f3-Reitora de Gest\u00e3o de Pessoas da Universidade Federal do Paran\u00e1, no uso de suas atribui\u00e7\u00f5es, tendo em vista a compet\u00eancia que lhe \u00e9 conferida pela Portaria n\u00ba 2.590, de 26 de setembro de 1997, de acordo com os \u00a7\u00a7 1\u00ba, 3\u00ba, 4\u00ba e 5\u00ba do Art. 10 da Lei n\u00ba 11.091\/05; o Anexo XI da Lei n\u00ba 11.233\/05; a Resolu\u00e7\u00e3o CNS n\u00ba 03\/06 e ainda o contido no processo n\u00ba 54247\/08-33,<\/p>\n\n\n<p><strong>RESOLVE:<\/strong><\/p>\n\n\n<p>Conceder progress\u00e3o por capacita\u00e7\u00e3o profissional ao servidor ALDEBARAN DA SILVA JUSTUS &#8211; 139149, ocupante do cargo de Odont\u00f3logo, lotado no Centro de Aten\u00e7\u00e3o \u00e0 Sa\u00fade 3 do CAC, do n\u00edvel E1 para o E-4, padr\u00e3o de vencimento 16, regime de trabalho de 30 (trinta) horas semanais, a partir de 02 de dezembro de 2008, por ter apresentado Certificado de capacita\u00e7\u00e3o em Desenvolvimento Gerencial, emitido pela Universidade Federal do Paran\u00e1 em 25 de novembro de 2008, curso esse realizado no per\u00edodo de 10 de mar\u00e7o a 03 de novembro de 2008, no total de 180 horas.<\/p><p><\/p>\n\n\n<div style=\"height:15px\" aria-hidden=\"true\" class=\"wp-block-spacer\"><\/div>\n\n\n<div class=\"wp-block-buttons is-content-justification-right is-layout-flex wp-container-core-buttons-is-layout-1 wp-block-buttons-is-layout-flex\">\n<div class=\"wp-block-button has-custom-font-size is-style-outline has-small-font-size is-style-outline--1\"><a class=\"wp-block-button__link\" href=\"https:\/\/progepe.ufpr.br\/portarias\/wp-content\/uploads\/pcp\/PROGEPE\/2009\/690PR.pdf\" style=\"border-radius:0px\" target=\"_blank\" rel=\"noreferrer noopener\">Acesse o arquivo da portaria<\/a><\/div><\/div>\n","protected":false},"excerpt":{"rendered":"<p>Conceder progress\u00e3o por capacita\u00e7\u00e3o profissional ao servidor ALDEBARAN DA SILVA JUSTUS &#8211; 139149, ocupante do cargo de Odont\u00f3logo, lotado no Centro de Aten\u00e7\u00e3o \u00e0 Sa\u00fade 3 do CAC, do n\u00edvel E1 para o E-4, padr\u00e3o de vencimento 16, regime de trabalho de 30 (trinta) horas semanais, a partir de 02 de dezembro de 2008, por ter apresentado Certificado de capacita\u00e7\u00e3o em Desenvolvimento Gerencial, emitido pela Universidade Federal do Paran\u00e1 em 25 de novembro de 2008, curso esse realizado no per\u00edodo de 10 de mar\u00e7o a 03 de novembro de 2008, no total de 180 horas.  {&#8220;height&#8221;:&#8221;15px&#8221;} <\/p>\n<div \n\n","protected":false},"author":41,"featured_media":0,"comment_status":"closed","ping_status":"closed","sticky":false,"template":"wp-custom-template-emissao-entre-01-05-2004-ate-30-06-2017","format":"standard","meta":{"_acf_changed":false,"iawp_total_views":0,"footnotes":""},"categories":[116],"tags":[143],"class_list":["post-178047","post","type-post","status-publish","format-standard","hentry","category-progepe","tag-progressao-promocao"],"acf":[],"_links":{"self":[{"href":"https:\/\/progepe.ufpr.br\/portarias\/wp-json\/wp\/v2\/posts\/178047","targetHints":{"allow":["GET"]}}],"collection":[{"href":"https:\/\/progepe.ufpr.br\/portarias\/wp-json\/wp\/v2\/posts"}],"about":[{"href":"https:\/\/progepe.ufpr.br\/portarias\/wp-json\/wp\/v2\/types\/post"}],"author":[{"embeddable":true,"href":"https:\/\/progepe.ufpr.br\/portarias\/wp-json\/wp\/v2\/users\/41"}],"replies":[{"embeddable":true,"href":"https:\/\/progepe.ufpr.br\/portarias\/wp-json\/wp\/v2\/comments?post=178047"}],"version-history":[{"count":1,"href":"https:\/\/progepe.ufpr.br\/portarias\/wp-json\/wp\/v2\/posts\/178047\/revisions"}],"predecessor-version":[{"id":216869,"href":"https:\/\/progepe.ufpr.br\/portarias\/wp-json\/wp\/v2\/posts\/178047\/revisions\/216869"}],"wp:attachment":[{"href":"https:\/\/progepe.ufpr.br\/portarias\/wp-json\/wp\/v2\/media?parent=178047"}],"wp:term":[{"taxonomy":"category","embeddable":true,"href":"https:\/\/progepe.ufpr.br\/portarias\/wp-json\/wp\/v2\/categories?post=178047"},{"taxonomy":"post_tag","embeddable":true,"href":"https:\/\/progepe.ufpr.br\/portarias\/wp-json\/wp\/v2\/tags?post=178047"}],"curies":[{"name":"wp","href":"https:\/\/api.w.org\/{rel}","templated":true}]}}