{"id":17811,"date":"2019-11-28T05:00:00","date_gmt":"2019-11-28T08:00:00","guid":{"rendered":"http:\/\/progepe.ufpr.br\/portal\/?post_type=portarias&#038;p=17811"},"modified":"2023-08-03T13:16:52","modified_gmt":"2023-08-03T16:16:52","slug":"rt-2019-01125","status":"publish","type":"post","link":"https:\/\/progepe.ufpr.br\/portarias\/rt-2019-01125\/","title":{"rendered":"PORTARIA N\u00ba 01125\/REITORIA, DE 25 DE NOVEMBRO DE 2019"},"content":{"rendered":"\n<p><strong>O Reitor da Universidade Federal do Paran\u00e1, <\/strong>no uso de suas  atribui\u00e7\u00f5es, tendo em vista o que consta nos artigos 18, 19 e 20 da  Resolu\u00e7\u00e3o n\u00ba 002\/2000-COPLAD e ainda o que consta no processo n\u00ba  23075.074406\/2019-79, <\/p>\n\n\n\n<p>RESOLVE:<\/p>\n\n\n\n<p>Designar para compor a comiss\u00e3o respons\u00e1vel\n pela terceira etapa da avalia\u00e7\u00e3o de desempenho em est\u00e1gio probat\u00f3rio da\n servidora ANA PAULA JORGE CORREA \u2013 2383628, ocupante do cargo de \nAssistente em Administra\u00e7\u00e3o, lotada na Divis\u00e3o de An\u00e1lise de Legisla\u00e7\u00e3o \ndo Gabinete do Reitor, os seguintes membro:<\/p>\n\n\n\n<ul class=\"wp-block-list\"><li> VILSON MAERCIO KAISER &#8211; 3220596 <\/li><li> MARINES DE PAULI THOMAZ &#8211; 1170370 <\/li><li> FLAVIA YAMASAKI &#8211; 1656078 <\/li><li><\/li><\/ul>\n\n\n\n<p style=\"text-align:right\"><strong>RICARDO MARCELO FONSECA<\/strong><\/p>\n","protected":false},"excerpt":{"rendered":"<p>Designar para compor a comiss\u00e3o respons\u00e1vel pela terceira etapa da avalia\u00e7\u00e3o de desempenho em est\u00e1gio probat\u00f3rio da servidora ANA PAULA JORGE CORREA \u2013 2383628, ocupante do cargo de Assistente em Administra\u00e7\u00e3o, lotada na Divis\u00e3o de An\u00e1lise de Legisla\u00e7\u00e3o do Gabinete do Reitor, os seguintes membro:  <!-- wp:list \n\n<ul>\n\n<li> VILSON MAERCIO KAISER - 3220596 <\/li>\n\n\n\n<li> MARINES DE PAULI THOMAZ - 1170370 <\/li>\n\n\n\n<li> FLAVIA YAMASAKI - 1656078 <\/li>\n\n\n\n<li><\/li>\n\n<\/ul>\n\n <!-- \/wp:list  <!-- wp:paragraph {\"align\":\"right\"} \n\n<p style=\"text-align:right\"><strong>RICARDO MARCELO FONSECA<\/strong>\n<\/p>\n","protected":false},"author":48,"featured_media":0,"comment_status":"closed","ping_status":"closed","sticky":false,"template":"","format":"standard","meta":{"_acf_changed":false,"iawp_total_views":3,"footnotes":""},"categories":[117],"tags":[124],"class_list":["post-17811","post","type-post","status-publish","format-standard","hentry","category-rt","tag-comissao"],"acf":[],"_links":{"self":[{"href":"https:\/\/progepe.ufpr.br\/portarias\/wp-json\/wp\/v2\/posts\/17811","targetHints":{"allow":["GET"]}}],"collection":[{"href":"https:\/\/progepe.ufpr.br\/portarias\/wp-json\/wp\/v2\/posts"}],"about":[{"href":"https:\/\/progepe.ufpr.br\/portarias\/wp-json\/wp\/v2\/types\/post"}],"author":[{"embeddable":true,"href":"https:\/\/progepe.ufpr.br\/portarias\/wp-json\/wp\/v2\/users\/48"}],"replies":[{"embeddable":true,"href":"https:\/\/progepe.ufpr.br\/portarias\/wp-json\/wp\/v2\/comments?post=17811"}],"version-history":[{"count":1,"href":"https:\/\/progepe.ufpr.br\/portarias\/wp-json\/wp\/v2\/posts\/17811\/revisions"}],"predecessor-version":[{"id":191464,"href":"https:\/\/progepe.ufpr.br\/portarias\/wp-json\/wp\/v2\/posts\/17811\/revisions\/191464"}],"wp:attachment":[{"href":"https:\/\/progepe.ufpr.br\/portarias\/wp-json\/wp\/v2\/media?parent=17811"}],"wp:term":[{"taxonomy":"category","embeddable":true,"href":"https:\/\/progepe.ufpr.br\/portarias\/wp-json\/wp\/v2\/categories?post=17811"},{"taxonomy":"post_tag","embeddable":true,"href":"https:\/\/progepe.ufpr.br\/portarias\/wp-json\/wp\/v2\/tags?post=17811"}],"curies":[{"name":"wp","href":"https:\/\/api.w.org\/{rel}","templated":true}]}}