{"id":178397,"date":"2009-02-13T10:02:00","date_gmt":"2009-02-13T12:02:00","guid":{"rendered":"http:\/\/progepe.ufpr.br\/portarias\/prhae-2009-00393\/"},"modified":"2023-08-03T11:16:03","modified_gmt":"2023-08-03T14:16:03","slug":"prhae-2009-00393","status":"publish","type":"post","link":"https:\/\/progepe.ufpr.br\/portarias\/prhae-2009-00393\/","title":{"rendered":"PORTARIA N\u00ba 00393\/PRHAE, DE 13 DE FEVEREIRO DE 2009"},"content":{"rendered":"\n<p>A Pr\u00f3-Reitora de Recursos Humanos e Assuntos Estudantis da Universidade Federal do Paran\u00e1, no uso de suas atribui\u00e7\u00f5es, tendo em vista a compet\u00eancia que lhe \u00e9 conferida pela Portaria n\u00ba 2.590, de 26 de setembro de 1997 e considerando o que consta no processo n\u00ba 32932\/08-17,<\/p>\n\n\n<p><strong>RESOLVE:<\/strong><\/p>\n\n\n<p>Conceder benef\u00edcio de pens\u00e3o vital\u00edcia, a partir de 24\/09\/2008, data do falecimento de OMAR ZARDO BRITEZ \u2013 3344, nos termos do Artigo 217, inciso I, al\u00ednea a da Lei n\u00ba 8112, de 11.12.90, ao c\u00f4njuge MARLENE MAIA DE BRITEZ, na categoria funcional de Professor de 3\u00ba Grau, classe Assistente, N\u00edvel IV, em regime de 40 (quarenta) horas semanais, calculado com base nos proventos percebidos pelo ex-servidor, na forma preceituada no \u00a7 7\u00ba e \u00a7 18\u00ba do Art. 40 da E. C. 41\/03, c\/c Art. 2\u00ba da Lei n\u00ba 10.887\/2004.<\/p><p><\/p>\n\n\n<div style=\"height:15px\" aria-hidden=\"true\" class=\"wp-block-spacer\"><\/div>\n\n\n<div class=\"wp-block-buttons is-content-justification-right is-layout-flex wp-container-core-buttons-is-layout-1 wp-block-buttons-is-layout-flex\">\n<div class=\"wp-block-button has-custom-font-size is-style-outline has-small-font-size is-style-outline--1\"><a class=\"wp-block-button__link\" href=\"https:\/\/progepe.ufpr.br\/portarias\/wp-content\/uploads\/pcp\/PRHAE\/2009\/393PR.pdf\" style=\"border-radius:0px\" target=\"_blank\" rel=\"noreferrer noopener\">Acesse o arquivo da portaria<\/a><\/div><\/div>\n","protected":false},"excerpt":{"rendered":"<p>Conceder benef\u00edcio de pens\u00e3o vital\u00edcia, a partir de 24\/09\/2008, data do falecimento de OMAR ZARDO BRITEZ \u2013 3344, nos termos do Artigo 217, inciso I, al\u00ednea a da Lei n\u00ba 8112, de 11.12.90, ao c\u00f4njuge MARLENE MAIA DE BRITEZ, na categoria funcional de Professor de 3\u00ba Grau, classe Assistente, N\u00edvel IV, em regime de 40 (quarenta) horas semanais, calculado com base nos proventos percebidos pelo ex-servidor, na forma preceituada no \u00a7 7\u00ba e \u00a7 18\u00ba do Art. 40 da E. C. 41\/03, c\/c Art. 2\u00ba da Lei n\u00ba 10.887\/2004.  {&#8220;height&#8221;:&#8221;15px&#8221;} <\/p>\n<div style=\"height:15px\" aria-hidden=\"true\" class=\"wp-block-spacer\"> <!-- \/wp:spacer\n<\/p>\n","protected":false},"author":41,"featured_media":0,"comment_status":"closed","ping_status":"closed","sticky":false,"template":"wp-custom-template-emissao-entre-01-05-2004-ate-30-06-2017","format":"standard","meta":{"_acf_changed":false,"iawp_total_views":0,"footnotes":""},"categories":[232],"tags":[145],"class_list":["post-178397","post","type-post","status-publish","format-standard","hentry","category-prhae","tag-pensao"],"acf":[],"_links":{"self":[{"href":"https:\/\/progepe.ufpr.br\/portarias\/wp-json\/wp\/v2\/posts\/178397","targetHints":{"allow":["GET"]}}],"collection":[{"href":"https:\/\/progepe.ufpr.br\/portarias\/wp-json\/wp\/v2\/posts"}],"about":[{"href":"https:\/\/progepe.ufpr.br\/portarias\/wp-json\/wp\/v2\/types\/post"}],"author":[{"embeddable":true,"href":"https:\/\/progepe.ufpr.br\/portarias\/wp-json\/wp\/v2\/users\/41"}],"replies":[{"embeddable":true,"href":"https:\/\/progepe.ufpr.br\/portarias\/wp-json\/wp\/v2\/comments?post=178397"}],"version-history":[{"count":1,"href":"https:\/\/progepe.ufpr.br\/portarias\/wp-json\/wp\/v2\/posts\/178397\/revisions"}],"predecessor-version":[{"id":217219,"href":"https:\/\/progepe.ufpr.br\/portarias\/wp-json\/wp\/v2\/posts\/178397\/revisions\/217219"}],"wp:attachment":[{"href":"https:\/\/progepe.ufpr.br\/portarias\/wp-json\/wp\/v2\/media?parent=178397"}],"wp:term":[{"taxonomy":"category","embeddable":true,"href":"https:\/\/progepe.ufpr.br\/portarias\/wp-json\/wp\/v2\/categories?post=178397"},{"taxonomy":"post_tag","embeddable":true,"href":"https:\/\/progepe.ufpr.br\/portarias\/wp-json\/wp\/v2\/tags?post=178397"}],"curies":[{"name":"wp","href":"https:\/\/api.w.org\/{rel}","templated":true}]}}