{"id":178399,"date":"2009-02-18T10:05:00","date_gmt":"2009-02-18T13:05:00","guid":{"rendered":"http:\/\/progepe.ufpr.br\/portarias\/prhae-2009-00424\/"},"modified":"2023-08-03T11:16:05","modified_gmt":"2023-08-03T14:16:05","slug":"prhae-2009-00424","status":"publish","type":"post","link":"https:\/\/progepe.ufpr.br\/portarias\/prhae-2009-00424\/","title":{"rendered":"PORTARIA N\u00ba 00424\/PRHAE, DE 18 DE FEVEREIRO DE 2009"},"content":{"rendered":"\n<p>A Pr\u00f3-Reitora de Recursos Humanos e Assuntos Estudantis da Universidade Federal do Paran\u00e1, no uso de suas atribui\u00e7\u00f5es, de acordo com o que disp\u00f5e o Processo n\u00ba 55255\/08-05, nos termos do Art. 40 \u00a7 7\u00ba da E. C. n\u00ba 41\/003 e Lei n\u00ba 10.887\/2004,<\/p>\n\n\n<p><strong>RESOLVE:<\/strong><\/p>\n\n\n<p>Conceder Benef\u00edcio de Pens\u00e3o Vital\u00edcia a partir de 24.11.2008, data do falecimento de ANNIBAL DE PAIVA CAMPELLO &#8211; 338912, nos termos do Artigo 217, inciso I, al\u00ednea a da Lei n\u00ba 8.112\/90, a NORMA REGINA CAMPELLO, na categoria funcional de Professor de 3\u00ba Grau, classe Titular, n\u00edvel I, em regime de dedica\u00e7\u00e3o exclusiva, calculado com base nos proventos percebidos pelo ex-servidor, na forma preceituada nos \u00a7\u00a7 7\u00ba e 18\u00ba do Art. 40 da E. C. 41\/03 c\/c Art. 2\u00ba da Lei n\u00ba 10.887\/2004.<\/p><p><\/p>\n\n\n<div style=\"height:15px\" aria-hidden=\"true\" class=\"wp-block-spacer\"><\/div>\n\n\n<div class=\"wp-block-buttons is-content-justification-right is-layout-flex wp-container-core-buttons-is-layout-1 wp-block-buttons-is-layout-flex\">\n<div class=\"wp-block-button has-custom-font-size is-style-outline has-small-font-size is-style-outline--1\"><a class=\"wp-block-button__link\" href=\"https:\/\/progepe.ufpr.br\/portarias\/wp-content\/uploads\/pcp\/PRHAE\/2009\/424PR.pdf\" style=\"border-radius:0px\" target=\"_blank\" rel=\"noreferrer noopener\">Acesse o arquivo da portaria<\/a><\/div><\/div>\n","protected":false},"excerpt":{"rendered":"<p>Conceder Benef\u00edcio de Pens\u00e3o Vital\u00edcia a partir de 24.11.2008, data do falecimento de ANNIBAL DE PAIVA CAMPELLO &#8211; 338912, nos termos do Artigo 217, inciso I, al\u00ednea a da Lei n\u00ba 8.112\/90, a NORMA REGINA CAMPELLO, na categoria funcional de Professor de 3\u00ba Grau, classe Titular, n\u00edvel I, em regime de dedica\u00e7\u00e3o exclusiva, calculado com base nos proventos percebidos pelo ex-servidor, na forma preceituada nos \u00a7\u00a7 7\u00ba e 18\u00ba do Art. 40 da E. C. 41\/03 c\/c Art. 2\u00ba da Lei n\u00ba 10.887\/2004.  {&#8220;height&#8221;:&#8221;15px&#8221;} <\/p>\n<div style=\"height:15px\" aria-hidden=\"true\" class=\"wp-block-spacer\"> <!-- \/wp:spacer  {\"layout\":{\"type\":\"flex\",\"justifyContent\":\"right\"}} \n\n<div class=\"wp-block-buttons\"><!-- wp:button {\"style\":{\"border\":{\"radius\":\"0px\"}},\"className\":\"is-style-outline\",\"fontSize\":\"small\"} \n\n<div \n\n","protected":false},"author":41,"featured_media":0,"comment_status":"closed","ping_status":"closed","sticky":false,"template":"wp-custom-template-emissao-entre-01-05-2004-ate-30-06-2017","format":"standard","meta":{"_acf_changed":false,"iawp_total_views":2,"footnotes":""},"categories":[232],"tags":[145],"class_list":["post-178399","post","type-post","status-publish","format-standard","hentry","category-prhae","tag-pensao"],"acf":[],"_links":{"self":[{"href":"https:\/\/progepe.ufpr.br\/portarias\/wp-json\/wp\/v2\/posts\/178399","targetHints":{"allow":["GET"]}}],"collection":[{"href":"https:\/\/progepe.ufpr.br\/portarias\/wp-json\/wp\/v2\/posts"}],"about":[{"href":"https:\/\/progepe.ufpr.br\/portarias\/wp-json\/wp\/v2\/types\/post"}],"author":[{"embeddable":true,"href":"https:\/\/progepe.ufpr.br\/portarias\/wp-json\/wp\/v2\/users\/41"}],"replies":[{"embeddable":true,"href":"https:\/\/progepe.ufpr.br\/portarias\/wp-json\/wp\/v2\/comments?post=178399"}],"version-history":[{"count":1,"href":"https:\/\/progepe.ufpr.br\/portarias\/wp-json\/wp\/v2\/posts\/178399\/revisions"}],"predecessor-version":[{"id":217221,"href":"https:\/\/progepe.ufpr.br\/portarias\/wp-json\/wp\/v2\/posts\/178399\/revisions\/217221"}],"wp:attachment":[{"href":"https:\/\/progepe.ufpr.br\/portarias\/wp-json\/wp\/v2\/media?parent=178399"}],"wp:term":[{"taxonomy":"category","embeddable":true,"href":"https:\/\/progepe.ufpr.br\/portarias\/wp-json\/wp\/v2\/categories?post=178399"},{"taxonomy":"post_tag","embeddable":true,"href":"https:\/\/progepe.ufpr.br\/portarias\/wp-json\/wp\/v2\/tags?post=178399"}],"curies":[{"name":"wp","href":"https:\/\/api.w.org\/{rel}","templated":true}]}}