{"id":178735,"date":"2008-07-14T05:05:00","date_gmt":"2008-07-14T08:05:00","guid":{"rendered":"http:\/\/progepe.ufpr.br\/portarias\/rt-2008-01263\/"},"modified":"2023-08-03T13:02:28","modified_gmt":"2023-08-03T16:02:28","slug":"rt-2008-01263","status":"publish","type":"post","link":"https:\/\/progepe.ufpr.br\/portarias\/rt-2008-01263\/","title":{"rendered":"PORTARIA N\u00ba 01263\/REITORIA, DE 14 DE JULHO DE 2008"},"content":{"rendered":"\n<p>A Vice-Reitora da Universidade Federal do Paran\u00e1, no exerc\u00edcio da Reitoria, no uso de suas atribui\u00e7\u00f5es, tendo em vista o contido no Art. 93 da Lei n\u00ba 8.112\/90 e ainda o contido no processo n\u00ba 15224\/08-11,<\/p>\n\n\n<p><strong>RESOLVE:<\/strong><\/p>\n\n\n<p>I. Autorizar a cess\u00e3o da servidora ANA CRISTINA CASARA &#8211; 180378, Assistente em Administra\u00e7\u00e3o, lotada na Divis\u00e3o de Normatiza\u00e7\u00e3o do Departamento de Administra\u00e7\u00e3o de Pessoal, para a Advocacia Geral da Uni\u00e3o no Estado do Paran\u00e1, a partir da data de publica\u00e7\u00e3o em DOU, com \u00f4nus para a Universidade Federal do Paran\u00e1.<\/p><p> II. Manter a referida servidora em folha de pagamento da Institui\u00e7\u00e3o, por tratar-se de cess\u00e3o para \u00f3rg\u00e3o dos Poderes da Uni\u00e3o.<\/p><p> III. Fica sob a responsabilidade da Advocacia Geral da Uni\u00e3o no Estado do Paran\u00e1, o encaminhamento da freq\u00fc\u00eancia da citada servidora, at\u00e9 o 5\u00b0 (quinto) dia \u00fatil de cada m\u00eas junto a esta Institui\u00e7\u00e3o.<\/p><p><\/p>\n\n\n<div style=\"height:15px\" aria-hidden=\"true\" class=\"wp-block-spacer\"><\/div>\n\n\n<div class=\"wp-block-buttons is-content-justification-right is-layout-flex wp-container-core-buttons-is-layout-1 wp-block-buttons-is-layout-flex\">\n<div class=\"wp-block-button has-custom-font-size is-style-outline has-small-font-size is-style-outline--1\"><a class=\"wp-block-button__link\" href=\"https:\/\/progepe.ufpr.br\/portarias\/wp-content\/uploads\/pcp\/RT\/2008\/1263R.pdf\" style=\"border-radius:0px\" target=\"_blank\" rel=\"noreferrer noopener\">Acesse o arquivo da portaria<\/a><\/div><\/div>\n","protected":false},"excerpt":{"rendered":"<p>I. Autorizar a cess\u00e3o da servidora ANA CRISTINA CASARA &#8211; 180378, Assistente em Administra\u00e7\u00e3o, lotada na Divis\u00e3o de Normatiza\u00e7\u00e3o do Departamento de Administra\u00e7\u00e3o de Pessoal, para a Advocacia Geral da Uni\u00e3o no Estado do Paran\u00e1, a partir da data de publica\u00e7\u00e3o em DOU, com \u00f4nus para a Universidade Federal do Paran\u00e1. II. Manter a referida servidora em folha de pagamento da Institui\u00e7\u00e3o, por tratar-se de cess\u00e3o para \u00f3rg\u00e3o dos Poderes da Uni\u00e3o. III. Fica sob a responsabilidade da Advocacia Geral da Uni\u00e3o no Estado do Paran\u00e1, o encaminhamento da freq\u00fc\u00eancia da citada servidora, at\u00e9 o 5\u00b0 (quinto) dia<\/p>\n","protected":false},"author":41,"featured_media":0,"comment_status":"closed","ping_status":"closed","sticky":false,"template":"wp-custom-template-emissao-entre-01-05-2004-ate-30-06-2017","format":"standard","meta":{"_acf_changed":false,"iawp_total_views":0,"footnotes":""},"categories":[117],"tags":[127],"class_list":["post-178735","post","type-post","status-publish","format-standard","hentry","category-rt","tag-cessao"],"acf":[],"_links":{"self":[{"href":"https:\/\/progepe.ufpr.br\/portarias\/wp-json\/wp\/v2\/posts\/178735","targetHints":{"allow":["GET"]}}],"collection":[{"href":"https:\/\/progepe.ufpr.br\/portarias\/wp-json\/wp\/v2\/posts"}],"about":[{"href":"https:\/\/progepe.ufpr.br\/portarias\/wp-json\/wp\/v2\/types\/post"}],"author":[{"embeddable":true,"href":"https:\/\/progepe.ufpr.br\/portarias\/wp-json\/wp\/v2\/users\/41"}],"replies":[{"embeddable":true,"href":"https:\/\/progepe.ufpr.br\/portarias\/wp-json\/wp\/v2\/comments?post=178735"}],"version-history":[{"count":1,"href":"https:\/\/progepe.ufpr.br\/portarias\/wp-json\/wp\/v2\/posts\/178735\/revisions"}],"predecessor-version":[{"id":217450,"href":"https:\/\/progepe.ufpr.br\/portarias\/wp-json\/wp\/v2\/posts\/178735\/revisions\/217450"}],"wp:attachment":[{"href":"https:\/\/progepe.ufpr.br\/portarias\/wp-json\/wp\/v2\/media?parent=178735"}],"wp:term":[{"taxonomy":"category","embeddable":true,"href":"https:\/\/progepe.ufpr.br\/portarias\/wp-json\/wp\/v2\/categories?post=178735"},{"taxonomy":"post_tag","embeddable":true,"href":"https:\/\/progepe.ufpr.br\/portarias\/wp-json\/wp\/v2\/tags?post=178735"}],"curies":[{"name":"wp","href":"https:\/\/api.w.org\/{rel}","templated":true}]}}