{"id":17877,"date":"2019-11-28T05:05:00","date_gmt":"2019-11-28T08:05:00","guid":{"rendered":"http:\/\/progepe.ufpr.br\/portal\/?post_type=portarias&#038;p=17877"},"modified":"2023-08-03T13:16:53","modified_gmt":"2023-08-03T16:16:53","slug":"rt-2019-01139","status":"publish","type":"post","link":"https:\/\/progepe.ufpr.br\/portarias\/rt-2019-01139\/","title":{"rendered":"PORTARIA N\u00ba 01139\/REITORIA, DE 27 DE NOVEMBRO DE 2019"},"content":{"rendered":"\n<p><strong>O Reitor da Universidade Federal do Paran\u00e1, <\/strong>no uso de suas atribui\u00e7\u00f5es e tendo em vista o que consta no processo n\u00ba 23075.071088\/2018-11, <\/p>\n\n\n\n<p>RESOLVE:<\/p>\n\n\n\n<p> Conceder jornada flexibilizada, tendo em vista o que consta na Portaria  n\u00ba 643\/REITORIA, de 26 de novembro de 2018, retificada pela Portaria n\u00ba  692\/REITORIA, de 17 de dezembro de 2018, por 01 (um) ano, a partir de 25  de novembro de 2019, \u00e0 servidora ANA PAULA DE DEUS &#8211; 3044511, ocupante  do cargo de Administrador, lotada na Se\u00e7\u00e3o de Apoio a Gest\u00e3o Acad\u00eamica  do Ensino T\u00e9cnico e da Gradua\u00e7\u00e3o do Setor de Educa\u00e7\u00e3o Profissional e  Tecnol\u00f3gica. <\/p>\n\n\n\n<p style=\"text-align:right\"><strong>RICARDO MARCELO FONSECA<\/strong><\/p>\n","protected":false},"excerpt":{"rendered":"<p>Conceder jornada flexibilizada, tendo em vista o que consta na Portaria n\u00ba 643\/REITORIA, de 26 de novembro de 2018, retificada pela Portaria n\u00ba 692\/REITORIA, de 17 de dezembro de 2018, por 01 (um) ano, a partir de 25 de novembro de 2019, \u00e0 servidora ANA PAULA DE DEUS &#8211; 3044511, ocupante do cargo de Administrador, lotada na Se\u00e7\u00e3o de Apoio a Gest\u00e3o Acad\u00eamica do Ensino T\u00e9cnico e da Gradua\u00e7\u00e3o do Setor de Educa\u00e7\u00e3o Profissional e Tecnol\u00f3gica.  <!-- wp:paragraph {\"align\":\"right\"} \n\n<p style=\"text-align:right\"><strong>RICARDO MARCELO FONSECA<\/strong>\n<\/p>\n","protected":false},"author":48,"featured_media":0,"comment_status":"closed","ping_status":"closed","sticky":false,"template":"","format":"standard","meta":{"_acf_changed":false,"iawp_total_views":0,"footnotes":""},"categories":[117],"tags":[133],"class_list":["post-17877","post","type-post","status-publish","format-standard","hentry","category-rt","tag-jornada-flexibilizada"],"acf":[],"_links":{"self":[{"href":"https:\/\/progepe.ufpr.br\/portarias\/wp-json\/wp\/v2\/posts\/17877","targetHints":{"allow":["GET"]}}],"collection":[{"href":"https:\/\/progepe.ufpr.br\/portarias\/wp-json\/wp\/v2\/posts"}],"about":[{"href":"https:\/\/progepe.ufpr.br\/portarias\/wp-json\/wp\/v2\/types\/post"}],"author":[{"embeddable":true,"href":"https:\/\/progepe.ufpr.br\/portarias\/wp-json\/wp\/v2\/users\/48"}],"replies":[{"embeddable":true,"href":"https:\/\/progepe.ufpr.br\/portarias\/wp-json\/wp\/v2\/comments?post=17877"}],"version-history":[{"count":1,"href":"https:\/\/progepe.ufpr.br\/portarias\/wp-json\/wp\/v2\/posts\/17877\/revisions"}],"predecessor-version":[{"id":191472,"href":"https:\/\/progepe.ufpr.br\/portarias\/wp-json\/wp\/v2\/posts\/17877\/revisions\/191472"}],"wp:attachment":[{"href":"https:\/\/progepe.ufpr.br\/portarias\/wp-json\/wp\/v2\/media?parent=17877"}],"wp:term":[{"taxonomy":"category","embeddable":true,"href":"https:\/\/progepe.ufpr.br\/portarias\/wp-json\/wp\/v2\/categories?post=17877"},{"taxonomy":"post_tag","embeddable":true,"href":"https:\/\/progepe.ufpr.br\/portarias\/wp-json\/wp\/v2\/tags?post=17877"}],"curies":[{"name":"wp","href":"https:\/\/api.w.org\/{rel}","templated":true}]}}