{"id":178801,"date":"2008-12-02T05:02:00","date_gmt":"2008-12-02T07:02:00","guid":{"rendered":"http:\/\/progepe.ufpr.br\/portarias\/rt-2008-01422\/"},"modified":"2024-09-19T14:45:30","modified_gmt":"2024-09-19T17:45:30","slug":"rt-2008-01422","status":"publish","type":"post","link":"https:\/\/progepe.ufpr.br\/portarias\/rt-2008-01422\/","title":{"rendered":"PORTARIA N\u00ba 01422\/REITORIA, DE 02 DE DEZEMBRO DE 2008"},"content":{"rendered":"\n<p style=\"padding-left:43%\">A Reitora <em>pro tempore<\/em> da Universidade Federal do Paran\u00e1, no uso de suas atribui\u00e7\u00f5es, tendo em vista o que consta no artigo 39 do Estatuto desta Universidade e o contido no processo n\u00ba 38729\/08-46,<\/p>\n\n\n\n<p style=\"padding-left:43%\"><strong>RESOLVE:<\/strong><\/p>\n\n\n\n<p>I. Designar o Professor MIGUEL BAHL &#8211; 190942, CPF n\u00ba \u275a\u275a\u275a.\u275a\u275a\u275a.\u275a\u275a\u275a-\u275a\u275a, classe Titular, no regime de trabalho de dedica\u00e7\u00e3o exclusiva, para exercer o cargo de Chefe do Departamento de Turismo, FG-01, do Setor de Ci\u00eancias Humanas, Letras e Artes, pelo per\u00edodo de 02 (dois) anos, a partir de 16 de outubro de 2008.<\/p>\n\n\n\n<p>II. O mencionado docente cumprir\u00e1, obrigatoriamente, o regime de trabalho de tempo integral, de acordo com o disposto no \u00a7 5\u00ba, artigo 1\u00ba da Lei n\u00ba 8.168\/91.<\/p>\n","protected":false},"excerpt":{"rendered":"<p>I. Designar o Professor MIGUEL BAHL &#8211; 190942, CPF n\u00ba \u275a\u275a\u275a.\u275a\u275a\u275a.\u275a\u275a\u275a-\u275a\u275a, classe Titular, no regime de trabalho de dedica\u00e7\u00e3o exclusiva, para exercer o cargo de Chefe do Departamento de Turismo, FG-01, do Setor de Ci\u00eancias Humanas, Letras e Artes, pelo per\u00edodo de 02 (dois) anos, a partir de 16 de outubro de 2008.  II. O mencionado docente cumprir\u00e1, obrigatoriamente, o regime de trabalho de tempo integral, de acordo com o disposto no \u00a7 5\u00ba, artigo 1\u00ba da Lei n\u00ba 8.168\/91.<\/p>\n","protected":false},"author":41,"featured_media":0,"comment_status":"closed","ping_status":"closed","sticky":false,"template":"","format":"standard","meta":{"_acf_changed":false,"iawp_total_views":0,"footnotes":""},"categories":[117],"tags":[244],"class_list":["post-178801","post","type-post","status-publish","format-standard","hentry","category-rt","tag-chefe-suplente"],"acf":[],"_links":{"self":[{"href":"https:\/\/progepe.ufpr.br\/portarias\/wp-json\/wp\/v2\/posts\/178801","targetHints":{"allow":["GET"]}}],"collection":[{"href":"https:\/\/progepe.ufpr.br\/portarias\/wp-json\/wp\/v2\/posts"}],"about":[{"href":"https:\/\/progepe.ufpr.br\/portarias\/wp-json\/wp\/v2\/types\/post"}],"author":[{"embeddable":true,"href":"https:\/\/progepe.ufpr.br\/portarias\/wp-json\/wp\/v2\/users\/41"}],"replies":[{"embeddable":true,"href":"https:\/\/progepe.ufpr.br\/portarias\/wp-json\/wp\/v2\/comments?post=178801"}],"version-history":[{"count":2,"href":"https:\/\/progepe.ufpr.br\/portarias\/wp-json\/wp\/v2\/posts\/178801\/revisions"}],"predecessor-version":[{"id":257513,"href":"https:\/\/progepe.ufpr.br\/portarias\/wp-json\/wp\/v2\/posts\/178801\/revisions\/257513"}],"wp:attachment":[{"href":"https:\/\/progepe.ufpr.br\/portarias\/wp-json\/wp\/v2\/media?parent=178801"}],"wp:term":[{"taxonomy":"category","embeddable":true,"href":"https:\/\/progepe.ufpr.br\/portarias\/wp-json\/wp\/v2\/categories?post=178801"},{"taxonomy":"post_tag","embeddable":true,"href":"https:\/\/progepe.ufpr.br\/portarias\/wp-json\/wp\/v2\/tags?post=178801"}],"curies":[{"name":"wp","href":"https:\/\/api.w.org\/{rel}","templated":true}]}}