{"id":178832,"date":"2008-04-09T05:02:00","date_gmt":"2008-04-09T08:02:00","guid":{"rendered":"http:\/\/progepe.ufpr.br\/portarias\/rt-2008-01133\/"},"modified":"2023-08-03T13:02:15","modified_gmt":"2023-08-03T16:02:15","slug":"rt-2008-01133","status":"publish","type":"post","link":"https:\/\/progepe.ufpr.br\/portarias\/rt-2008-01133\/","title":{"rendered":"PORTARIA N\u00ba 01133\/REITORIA, DE 09 DE ABRIL DE 2008"},"content":{"rendered":"\n<p>O Reitor da Universidade Federal do Paran\u00e1, no uso de suas atribui\u00e7\u00f5es e tendo em vista o que consta no processo n\u00ba 36128\/07-18,<\/p>\n\n\n<p><strong>RESOLVE:<\/strong><\/p>\n\n\n<p>I. Tornar sem efeito a Portaria n\u00ba 910\/REITOR, de 15 de outubro de 2007.<\/p><p> II. Designar para compor a Comiss\u00e3o de Estudos para a elabora\u00e7\u00e3o da Proposta de Destina\u00e7\u00e3o dos Espa\u00e7os F\u00edsicos do Centro de Conviv\u00eancia &#8211; Polit\u00e9cnico, os seguintes membros: Representantes da Administra\u00e7\u00e3o Superior FLAVIO ZANETTE (Presidente) MAURO LACERDA SANTOS FILHO RITA DE CASSIA LOPES Representantes da APUFPR ARISLETE DANTAS DE AQUINO CLAUDIO ANTONIO TONEGUTTI CARMEN LUCIA FORNARI DIEZ Representantes do SINDITEST JOSE CARLOS DE ASSIS CARLA COBALCHINI ANTONIO CARLOS CARNEIRO Representantes do DCE WELYNGTON VINICIUS DAL PRA ALEXSANDER M. KADRI HOFFMANN RENAN DO PRADO<\/p><p><\/p>\n\n\n<div style=\"height:15px\" aria-hidden=\"true\" class=\"wp-block-spacer\"><\/div>\n\n\n<div class=\"wp-block-buttons is-content-justification-right is-layout-flex wp-container-core-buttons-is-layout-1 wp-block-buttons-is-layout-flex\">\n<div class=\"wp-block-button has-custom-font-size is-style-outline has-small-font-size is-style-outline--1\"><a class=\"wp-block-button__link\" href=\"https:\/\/progepe.ufpr.br\/portarias\/wp-content\/uploads\/pcp\/RT\/2008\/1133R.pdf\" style=\"border-radius:0px\" target=\"_blank\" rel=\"noreferrer noopener\">Acesse o arquivo da portaria<\/a><\/div><\/div>\n","protected":false},"excerpt":{"rendered":"<p>I. Tornar sem efeito a Portaria n\u00ba 910\/REITOR, de 15 de outubro de 2007. II. Designar para compor a Comiss\u00e3o de Estudos para a elabora\u00e7\u00e3o da Proposta de Destina\u00e7\u00e3o dos Espa\u00e7os F\u00edsicos do Centro de Conviv\u00eancia &#8211; Polit\u00e9cnico, os seguintes membros: Representantes da Administra\u00e7\u00e3o Superior FLAVIO ZANETTE (Presidente) MAURO LACERDA SANTOS FILHO RITA DE CASSIA LOPES Representantes da APUFPR ARISLETE DANTAS DE AQUINO CLAUDIO ANTONIO TONEGUTTI CARMEN LUCIA FORNARI DIEZ Representantes do SINDITEST JOSE CARLOS DE ASSIS CARLA COBALCHINI ANTONIO CARLOS CARNEIRO Representantes do DCE WELYNGTON VINICIUS DAL PRA ALEXSANDER M. KADRI HOFFMANN RENAN DO PRADO  {&#8220;height&#8221;:&#8221;15px&#8221;}<\/p>\n","protected":false},"author":41,"featured_media":0,"comment_status":"closed","ping_status":"closed","sticky":false,"template":"wp-custom-template-emissao-entre-01-05-2004-ate-30-06-2017","format":"standard","meta":{"_acf_changed":false,"iawp_total_views":1,"footnotes":""},"categories":[117],"tags":[124],"class_list":["post-178832","post","type-post","status-publish","format-standard","hentry","category-rt","tag-comissao"],"acf":[],"_links":{"self":[{"href":"https:\/\/progepe.ufpr.br\/portarias\/wp-json\/wp\/v2\/posts\/178832","targetHints":{"allow":["GET"]}}],"collection":[{"href":"https:\/\/progepe.ufpr.br\/portarias\/wp-json\/wp\/v2\/posts"}],"about":[{"href":"https:\/\/progepe.ufpr.br\/portarias\/wp-json\/wp\/v2\/types\/post"}],"author":[{"embeddable":true,"href":"https:\/\/progepe.ufpr.br\/portarias\/wp-json\/wp\/v2\/users\/41"}],"replies":[{"embeddable":true,"href":"https:\/\/progepe.ufpr.br\/portarias\/wp-json\/wp\/v2\/comments?post=178832"}],"version-history":[{"count":1,"href":"https:\/\/progepe.ufpr.br\/portarias\/wp-json\/wp\/v2\/posts\/178832\/revisions"}],"predecessor-version":[{"id":217533,"href":"https:\/\/progepe.ufpr.br\/portarias\/wp-json\/wp\/v2\/posts\/178832\/revisions\/217533"}],"wp:attachment":[{"href":"https:\/\/progepe.ufpr.br\/portarias\/wp-json\/wp\/v2\/media?parent=178832"}],"wp:term":[{"taxonomy":"category","embeddable":true,"href":"https:\/\/progepe.ufpr.br\/portarias\/wp-json\/wp\/v2\/categories?post=178832"},{"taxonomy":"post_tag","embeddable":true,"href":"https:\/\/progepe.ufpr.br\/portarias\/wp-json\/wp\/v2\/tags?post=178832"}],"curies":[{"name":"wp","href":"https:\/\/api.w.org\/{rel}","templated":true}]}}