{"id":178837,"date":"2008-05-14T05:00:00","date_gmt":"2008-05-14T08:00:00","guid":{"rendered":"http:\/\/progepe.ufpr.br\/portarias\/rt-2008-01168\/"},"modified":"2023-07-31T17:41:52","modified_gmt":"2023-07-31T20:41:52","slug":"rt-2008-01168","status":"publish","type":"post","link":"https:\/\/progepe.ufpr.br\/portarias\/rt-2008-01168\/","title":{"rendered":"PORTARIA N\u00ba 01168\/REITORIA, DE 14 DE MAIO DE 2008"},"content":{"rendered":"\n<p>A Vice-Reitora da Universidade Federal do Paran\u00e1, no exerc\u00edcio do cargo de Reitora, no uso de suas atribui\u00e7\u00f5es e tendo em vista o que consta no processo n\u00ba 16569\/08-84,<\/p>\n\n\n<p><strong>RESOLVE:<\/strong><\/p>\n\n\n<p>Designar, a partir de 12 de maio de 2008, o Professor VICENTE PACHECO &#8211; 100650, classe Adjunto, lotado no Departamento de Ci\u00eancias Cont\u00e1beis do Setor de Ci\u00eancias Sociais Aplicadas para substituir o Professor EDSON APARECIDO MITISHITA &#8211; 098108, classe Associado, lotado no Departamento de Geom\u00e1tica do Setor de Ci\u00eancias da Terra, na comiss\u00e3o eleitoral para escolha de representantes das categorias docentes da UFPR junto ao Conselho de Planejamento e Administra\u00e7\u00e3o &#8211; COPLAD, institu\u00edda pela Portaria n\u00ba 1.137\/REITOR, de 18 de abril de 2008.<\/p><p><\/p>\n\n\n<div style=\"height:15px\" aria-hidden=\"true\" class=\"wp-block-spacer\"><\/div>\n\n\n<div class=\"wp-block-buttons is-content-justification-right is-layout-flex wp-container-core-buttons-is-layout-1 wp-block-buttons-is-layout-flex\">\n<div class=\"wp-block-button has-custom-font-size is-style-outline has-small-font-size is-style-outline--1\"><a class=\"wp-block-button__link\" href=\"https:\/\/progepe.ufpr.br\/portarias\/wp-content\/uploads\/pcp\/RT\/2008\/1168R.pdf\" style=\"border-radius:0px\" target=\"_blank\" rel=\"noreferrer noopener\">Acesse o arquivo da portaria<\/a><\/div><\/div>\n","protected":false},"excerpt":{"rendered":"<p>Designar, a partir de 12 de maio de 2008, o Professor VICENTE PACHECO &#8211; 100650, classe Adjunto, lotado no Departamento de Ci\u00eancias Cont\u00e1beis do Setor de Ci\u00eancias Sociais Aplicadas para substituir o Professor EDSON APARECIDO MITISHITA &#8211; 098108, classe Associado, lotado no Departamento de Geom\u00e1tica do Setor de Ci\u00eancias da Terra, na comiss\u00e3o eleitoral para escolha de representantes das categorias docentes da UFPR junto ao Conselho de Planejamento e Administra\u00e7\u00e3o &#8211; COPLAD, institu\u00edda pela Portaria n\u00ba 1.137\/REITOR, de 18 de abril de 2008.  {&#8220;height&#8221;:&#8221;15px&#8221;} <\/p>\n<div style=\"height:15px\" aria-hidden=\"true\" class=\"wp-block-spacer\"> <!-- \/wp:spacer  {\"layout\":{\"type\":\"flex\",\"justifyContent\":\"right\"}} \n\n<div class=\"wp-block-buttons\"><!-- wp:button {\"style\":{\"border\":{\"radius\":\"0px\"}},\"className\":\"is-style-outline\",\"fontSize\":\"small\"} \n\n<div \n\n","protected":false},"author":41,"featured_media":0,"comment_status":"closed","ping_status":"closed","sticky":false,"template":"wp-custom-template-emissao-entre-01-05-2004-ate-30-06-2017","format":"standard","meta":{"_acf_changed":false,"iawp_total_views":1,"footnotes":""},"categories":[117],"tags":[124],"class_list":["post-178837","post","type-post","status-publish","format-standard","hentry","category-rt","tag-comissao"],"acf":[],"_links":{"self":[{"href":"https:\/\/progepe.ufpr.br\/portarias\/wp-json\/wp\/v2\/posts\/178837","targetHints":{"allow":["GET"]}}],"collection":[{"href":"https:\/\/progepe.ufpr.br\/portarias\/wp-json\/wp\/v2\/posts"}],"about":[{"href":"https:\/\/progepe.ufpr.br\/portarias\/wp-json\/wp\/v2\/types\/post"}],"author":[{"embeddable":true,"href":"https:\/\/progepe.ufpr.br\/portarias\/wp-json\/wp\/v2\/users\/41"}],"replies":[{"embeddable":true,"href":"https:\/\/progepe.ufpr.br\/portarias\/wp-json\/wp\/v2\/comments?post=178837"}],"version-history":[{"count":1,"href":"https:\/\/progepe.ufpr.br\/portarias\/wp-json\/wp\/v2\/posts\/178837\/revisions"}],"predecessor-version":[{"id":217538,"href":"https:\/\/progepe.ufpr.br\/portarias\/wp-json\/wp\/v2\/posts\/178837\/revisions\/217538"}],"wp:attachment":[{"href":"https:\/\/progepe.ufpr.br\/portarias\/wp-json\/wp\/v2\/media?parent=178837"}],"wp:term":[{"taxonomy":"category","embeddable":true,"href":"https:\/\/progepe.ufpr.br\/portarias\/wp-json\/wp\/v2\/categories?post=178837"},{"taxonomy":"post_tag","embeddable":true,"href":"https:\/\/progepe.ufpr.br\/portarias\/wp-json\/wp\/v2\/tags?post=178837"}],"curies":[{"name":"wp","href":"https:\/\/api.w.org\/{rel}","templated":true}]}}