{"id":178842,"date":"2008-06-13T05:00:00","date_gmt":"2008-06-13T08:00:00","guid":{"rendered":"http:\/\/progepe.ufpr.br\/portarias\/rt-2008-01226\/"},"modified":"2023-07-31T17:41:52","modified_gmt":"2023-07-31T20:41:52","slug":"rt-2008-01226","status":"publish","type":"post","link":"https:\/\/progepe.ufpr.br\/portarias\/rt-2008-01226\/","title":{"rendered":"PORTARIA N\u00ba 01226\/REITORIA, DE 13 DE JUNHO DE 2008"},"content":{"rendered":"\n<p>A Vice-Reitora da Universidade Federal do Paran\u00e1, no exerc\u00edcio da Reitoria, no uso das atribui\u00e7\u00f5es e tendo em vista o que consta no processo n\u00ba 27814\/07-06,<\/p>\n\n\n<p><strong>RESOLVE:<\/strong><\/p>\n\n\n<p>I. Revogar a Portaria n\u00ba 1.210\/REITOR, de 09 de junho de 2008.<\/p><p> II. Designar, com fulcro no \u00a7 2\u00ba do Art. 164, da Lei n\u00ba 8.112\/90-RJU, o servidor SINUE NAICO &#8211; 052132, ocupante do cargo de Assistente em Administra\u00e7\u00e3o, lotado na Coordena\u00e7\u00e3o do Curso de Engenharia Ambiental do Setor de Tecnologia, como defensor dativo na Comiss\u00e3o de Processo Administrativo Disciplinar institu\u00edda pela Portaria n\u00ba 1.138\/REITOR, de 22 de abril de 2008, em raz\u00e3o do discente do Curso Piloto de Gradua\u00e7\u00e3o em Administra\u00e7\u00e3o na Modalidade EaD, regularmente citado e indiciado n\u00e3o ter apresentado defesa escrita, no prazo legal determinado, que venceu na data de 05 de junho de 2008.<\/p><p><\/p>\n\n\n<div style=\"height:15px\" aria-hidden=\"true\" class=\"wp-block-spacer\"><\/div>\n\n\n<div class=\"wp-block-buttons is-content-justification-right is-layout-flex wp-container-core-buttons-is-layout-1 wp-block-buttons-is-layout-flex\">\n<div class=\"wp-block-button has-custom-font-size is-style-outline has-small-font-size is-style-outline--1\"><a class=\"wp-block-button__link\" href=\"https:\/\/progepe.ufpr.br\/portarias\/wp-content\/uploads\/pcp\/RT\/2008\/1226R.pdf\" style=\"border-radius:0px\" target=\"_blank\" rel=\"noreferrer noopener\">Acesse o arquivo da portaria<\/a><\/div><\/div>\n","protected":false},"excerpt":{"rendered":"<p>I. Revogar a Portaria n\u00ba 1.210\/REITOR, de 09 de junho de 2008. II. Designar, com fulcro no \u00a7 2\u00ba do Art. 164, da Lei n\u00ba 8.112\/90-RJU, o servidor SINUE NAICO &#8211; 052132, ocupante do cargo de Assistente em Administra\u00e7\u00e3o, lotado na Coordena\u00e7\u00e3o do Curso de Engenharia Ambiental do Setor de Tecnologia, como defensor dativo na Comiss\u00e3o de Processo Administrativo Disciplinar institu\u00edda pela Portaria n\u00ba 1.138\/REITOR, de 22 de abril de 2008, em raz\u00e3o do discente do Curso Piloto de Gradua\u00e7\u00e3o em Administra\u00e7\u00e3o na Modalidade EaD, regularmente citado e indiciado n\u00e3o ter apresentado defesa escrita, no prazo legal determinado,<\/p>\n","protected":false},"author":41,"featured_media":0,"comment_status":"closed","ping_status":"closed","sticky":false,"template":"wp-custom-template-emissao-entre-01-05-2004-ate-30-06-2017","format":"standard","meta":{"_acf_changed":false,"iawp_total_views":0,"footnotes":""},"categories":[117],"tags":[124],"class_list":["post-178842","post","type-post","status-publish","format-standard","hentry","category-rt","tag-comissao"],"acf":[],"_links":{"self":[{"href":"https:\/\/progepe.ufpr.br\/portarias\/wp-json\/wp\/v2\/posts\/178842","targetHints":{"allow":["GET"]}}],"collection":[{"href":"https:\/\/progepe.ufpr.br\/portarias\/wp-json\/wp\/v2\/posts"}],"about":[{"href":"https:\/\/progepe.ufpr.br\/portarias\/wp-json\/wp\/v2\/types\/post"}],"author":[{"embeddable":true,"href":"https:\/\/progepe.ufpr.br\/portarias\/wp-json\/wp\/v2\/users\/41"}],"replies":[{"embeddable":true,"href":"https:\/\/progepe.ufpr.br\/portarias\/wp-json\/wp\/v2\/comments?post=178842"}],"version-history":[{"count":1,"href":"https:\/\/progepe.ufpr.br\/portarias\/wp-json\/wp\/v2\/posts\/178842\/revisions"}],"predecessor-version":[{"id":217543,"href":"https:\/\/progepe.ufpr.br\/portarias\/wp-json\/wp\/v2\/posts\/178842\/revisions\/217543"}],"wp:attachment":[{"href":"https:\/\/progepe.ufpr.br\/portarias\/wp-json\/wp\/v2\/media?parent=178842"}],"wp:term":[{"taxonomy":"category","embeddable":true,"href":"https:\/\/progepe.ufpr.br\/portarias\/wp-json\/wp\/v2\/categories?post=178842"},{"taxonomy":"post_tag","embeddable":true,"href":"https:\/\/progepe.ufpr.br\/portarias\/wp-json\/wp\/v2\/tags?post=178842"}],"curies":[{"name":"wp","href":"https:\/\/api.w.org\/{rel}","templated":true}]}}