{"id":178844,"date":"2008-06-25T05:00:00","date_gmt":"2008-06-25T08:00:00","guid":{"rendered":"http:\/\/progepe.ufpr.br\/portarias\/rt-2008-01238\/"},"modified":"2023-07-31T17:41:53","modified_gmt":"2023-07-31T20:41:53","slug":"rt-2008-01238","status":"publish","type":"post","link":"https:\/\/progepe.ufpr.br\/portarias\/rt-2008-01238\/","title":{"rendered":"PORTARIA N\u00ba 01238\/REITORIA, DE 25 DE JUNHO DE 2008"},"content":{"rendered":"\n<p>A Vice-Reitora da Universidade Federal do Paran\u00e1, no exerc\u00edcio da Reitoria, no uso de suas atribui\u00e7\u00f5es e tendo em vista o que consta no processo n\u00ba 28340\/08-92,<\/p>\n\n\n<p><strong>RESOLVE:<\/strong><\/p>\n\n\n<p>Designar para comporem Comiss\u00e3o do Conselho Universit\u00e1rio &#8211; COUN, para interlocu\u00e7\u00e3o com as entidades (APUFPR, SINDITEST e DCE) do processo de consulta \u00e0 comunidade para a escolha do Reitor da UFPR, quadri\u00eanio 2008-2012 e para apresenta\u00e7\u00e3o ao citado Conselho, no prazo de 15 (quinze) dias, de proposta das normas do Col\u00e9gio Eleitoral para elabora\u00e7\u00e3o da lista tr\u00edplice para escolha do Reitor, nos termos do Art. 6\u00ba do Decreto n\u00ba 1.916\/96, os seguintes membros: Presidente: ROGERIO ANDRADE MULINARI &#8211; 109843 Membros: ROBERTO TADEU RAITTZ &#8211; 125555 MARCO AURELIO VISINTIN &#8211; 125458 LEONOR DEMARIO &#8211; 094021 DIONEI JOSE DA SILVA &#8211; 102822 MARIO ROBERTO DUTRA PEREIRA (Discente) JOSE ALTAIR MONTEIRO SAMPAIO (Comunidade)<\/p><p><\/p>\n\n\n<div style=\"height:15px\" aria-hidden=\"true\" class=\"wp-block-spacer\"><\/div>\n\n\n<div class=\"wp-block-buttons is-content-justification-right is-layout-flex wp-container-core-buttons-is-layout-1 wp-block-buttons-is-layout-flex\">\n<div class=\"wp-block-button has-custom-font-size is-style-outline has-small-font-size is-style-outline--1\"><a class=\"wp-block-button__link\" href=\"https:\/\/progepe.ufpr.br\/portarias\/wp-content\/uploads\/pcp\/RT\/2008\/1238R.pdf\" style=\"border-radius:0px\" target=\"_blank\" rel=\"noreferrer noopener\">Acesse o arquivo da portaria<\/a><\/div><\/div>\n","protected":false},"excerpt":{"rendered":"<p>Designar para comporem Comiss\u00e3o do Conselho Universit\u00e1rio &#8211; COUN, para interlocu\u00e7\u00e3o com as entidades (APUFPR, SINDITEST e DCE) do processo de consulta \u00e0 comunidade para a escolha do Reitor da UFPR, quadri\u00eanio 2008-2012 e para apresenta\u00e7\u00e3o ao citado Conselho, no prazo de 15 (quinze) dias, de proposta das normas do Col\u00e9gio Eleitoral para elabora\u00e7\u00e3o da lista tr\u00edplice para escolha do Reitor, nos termos do Art. 6\u00ba do Decreto n\u00ba 1.916\/96, os seguintes membros: Presidente: ROGERIO ANDRADE MULINARI &#8211; 109843 Membros: ROBERTO TADEU RAITTZ &#8211; 125555 MARCO AURELIO VISINTIN &#8211; 125458 LEONOR DEMARIO &#8211; 094021 DIONEI JOSE DA SILVA<\/p>\n","protected":false},"author":41,"featured_media":0,"comment_status":"closed","ping_status":"closed","sticky":false,"template":"wp-custom-template-emissao-entre-01-05-2004-ate-30-06-2017","format":"standard","meta":{"_acf_changed":false,"iawp_total_views":3,"footnotes":""},"categories":[117],"tags":[124],"class_list":["post-178844","post","type-post","status-publish","format-standard","hentry","category-rt","tag-comissao"],"acf":[],"_links":{"self":[{"href":"https:\/\/progepe.ufpr.br\/portarias\/wp-json\/wp\/v2\/posts\/178844","targetHints":{"allow":["GET"]}}],"collection":[{"href":"https:\/\/progepe.ufpr.br\/portarias\/wp-json\/wp\/v2\/posts"}],"about":[{"href":"https:\/\/progepe.ufpr.br\/portarias\/wp-json\/wp\/v2\/types\/post"}],"author":[{"embeddable":true,"href":"https:\/\/progepe.ufpr.br\/portarias\/wp-json\/wp\/v2\/users\/41"}],"replies":[{"embeddable":true,"href":"https:\/\/progepe.ufpr.br\/portarias\/wp-json\/wp\/v2\/comments?post=178844"}],"version-history":[{"count":1,"href":"https:\/\/progepe.ufpr.br\/portarias\/wp-json\/wp\/v2\/posts\/178844\/revisions"}],"predecessor-version":[{"id":217545,"href":"https:\/\/progepe.ufpr.br\/portarias\/wp-json\/wp\/v2\/posts\/178844\/revisions\/217545"}],"wp:attachment":[{"href":"https:\/\/progepe.ufpr.br\/portarias\/wp-json\/wp\/v2\/media?parent=178844"}],"wp:term":[{"taxonomy":"category","embeddable":true,"href":"https:\/\/progepe.ufpr.br\/portarias\/wp-json\/wp\/v2\/categories?post=178844"},{"taxonomy":"post_tag","embeddable":true,"href":"https:\/\/progepe.ufpr.br\/portarias\/wp-json\/wp\/v2\/tags?post=178844"}],"curies":[{"name":"wp","href":"https:\/\/api.w.org\/{rel}","templated":true}]}}