{"id":178853,"date":"2008-11-14T05:01:00","date_gmt":"2008-11-14T07:01:00","guid":{"rendered":"http:\/\/progepe.ufpr.br\/portarias\/rt-2008-01399\/"},"modified":"2023-08-03T13:02:41","modified_gmt":"2023-08-03T16:02:41","slug":"rt-2008-01399","status":"publish","type":"post","link":"https:\/\/progepe.ufpr.br\/portarias\/rt-2008-01399\/","title":{"rendered":"PORTARIA N\u00ba 01399\/REITORIA, DE 14 DE NOVEMBRO DE 2008"},"content":{"rendered":"\n<p>A Vice-Reitora da Universidade Federal do Paran\u00e1, no exerc\u00edcio da Reitoria, no uso de suas atribui\u00e7\u00f5es e tendo em vista o que consta no processo n\u00ba 50810\/08-02,<\/p>\n\n\n<p><strong>RESOLVE:<\/strong><\/p>\n\n\n<p>Designar, para compor a Comiss\u00e3o de Supervis\u00e3o interna do Plano de Carreira dos Cargos T\u00e9cnico-Administrativos em Educa\u00e7\u00e3o, os seguintes membros: &#8211; RITA DE CASSIA KAVULAK \u2013 76830 &#8211; ANTONIO NERIS DE SOUZA \u2013 106283 &#8211; LANIA VIRGINIA BUSNELLO VAZ GARCIA \u2013 109037 &#8211; MARCIA VENZEL MESSIAS \u2013 107930 &#8211; MIRIAN RAQUEL MENDES OKAZAKI \u2013 96881 &#8211; SUGLERI GONCALVES RODRIGUES \u2013 153818 &#8211; ANTONIO CARLOS CARNEIRO \u2013 151564 &#8211; LEONICE ARAUJO DE OLIVEIRA \u2013 151033 &#8211; MARIA OTAVIA LIMA ECA D ALMEIDA \u2013 144509 &#8211; JOFRE BORCK BRASIL \u2013 169080 &#8211; INES SALETE GERHARDT \u2013 178683<\/p><p><\/p>\n\n\n<div style=\"height:15px\" aria-hidden=\"true\" class=\"wp-block-spacer\"><\/div>\n\n\n<div class=\"wp-block-buttons is-content-justification-right is-layout-flex wp-container-core-buttons-is-layout-1 wp-block-buttons-is-layout-flex\">\n<div class=\"wp-block-button has-custom-font-size is-style-outline has-small-font-size is-style-outline--1\"><a class=\"wp-block-button__link\" href=\"https:\/\/progepe.ufpr.br\/portarias\/wp-content\/uploads\/pcp\/RT\/2008\/1399R.pdf\" style=\"border-radius:0px\" target=\"_blank\" rel=\"noreferrer noopener\">Acesse o arquivo da portaria<\/a><\/div><\/div>\n","protected":false},"excerpt":{"rendered":"<p>Designar, para compor a Comiss\u00e3o de Supervis\u00e3o interna do Plano de Carreira dos Cargos T\u00e9cnico-Administrativos em Educa\u00e7\u00e3o, os seguintes membros: &#8211; RITA DE CASSIA KAVULAK \u2013 76830 &#8211; ANTONIO NERIS DE SOUZA \u2013 106283 &#8211; LANIA VIRGINIA BUSNELLO VAZ GARCIA \u2013 109037 &#8211; MARCIA VENZEL MESSIAS \u2013 107930 &#8211; MIRIAN RAQUEL MENDES OKAZAKI \u2013 96881 &#8211; SUGLERI GONCALVES RODRIGUES \u2013 153818 &#8211; ANTONIO CARLOS CARNEIRO \u2013 151564 &#8211; LEONICE ARAUJO DE OLIVEIRA \u2013 151033 &#8211; MARIA OTAVIA LIMA ECA D ALMEIDA \u2013 144509 &#8211; JOFRE BORCK BRASIL \u2013 169080 &#8211; INES SALETE GERHARDT \u2013 178683  {&#8220;height&#8221;:&#8221;15px&#8221;} <\/p>\n<div \n\n","protected":false},"author":41,"featured_media":0,"comment_status":"closed","ping_status":"closed","sticky":false,"template":"wp-custom-template-emissao-entre-01-05-2004-ate-30-06-2017","format":"standard","meta":{"_acf_changed":false,"iawp_total_views":0,"footnotes":""},"categories":[117],"tags":[124],"class_list":["post-178853","post","type-post","status-publish","format-standard","hentry","category-rt","tag-comissao"],"acf":[],"_links":{"self":[{"href":"https:\/\/progepe.ufpr.br\/portarias\/wp-json\/wp\/v2\/posts\/178853","targetHints":{"allow":["GET"]}}],"collection":[{"href":"https:\/\/progepe.ufpr.br\/portarias\/wp-json\/wp\/v2\/posts"}],"about":[{"href":"https:\/\/progepe.ufpr.br\/portarias\/wp-json\/wp\/v2\/types\/post"}],"author":[{"embeddable":true,"href":"https:\/\/progepe.ufpr.br\/portarias\/wp-json\/wp\/v2\/users\/41"}],"replies":[{"embeddable":true,"href":"https:\/\/progepe.ufpr.br\/portarias\/wp-json\/wp\/v2\/comments?post=178853"}],"version-history":[{"count":1,"href":"https:\/\/progepe.ufpr.br\/portarias\/wp-json\/wp\/v2\/posts\/178853\/revisions"}],"predecessor-version":[{"id":217554,"href":"https:\/\/progepe.ufpr.br\/portarias\/wp-json\/wp\/v2\/posts\/178853\/revisions\/217554"}],"wp:attachment":[{"href":"https:\/\/progepe.ufpr.br\/portarias\/wp-json\/wp\/v2\/media?parent=178853"}],"wp:term":[{"taxonomy":"category","embeddable":true,"href":"https:\/\/progepe.ufpr.br\/portarias\/wp-json\/wp\/v2\/categories?post=178853"},{"taxonomy":"post_tag","embeddable":true,"href":"https:\/\/progepe.ufpr.br\/portarias\/wp-json\/wp\/v2\/tags?post=178853"}],"curies":[{"name":"wp","href":"https:\/\/api.w.org\/{rel}","templated":true}]}}