{"id":179015,"date":"2008-02-12T05:00:00","date_gmt":"2008-02-12T07:00:00","guid":{"rendered":"http:\/\/progepe.ufpr.br\/portarias\/rt-2008-01061\/"},"modified":"2023-07-31T17:42:10","modified_gmt":"2023-07-31T20:42:10","slug":"rt-2008-01061","status":"publish","type":"post","link":"https:\/\/progepe.ufpr.br\/portarias\/rt-2008-01061\/","title":{"rendered":"PORTARIA N\u00ba 01061\/REITORIA, DE 12 DE FEVEREIRO DE 2008"},"content":{"rendered":"\n<p>O Reitor da Universidade Federal do Paran\u00e1, no uso de suas atribui\u00e7\u00f5es e tendo em vista o que consta no processo n\u00ba 7903\/05-11,<\/p>\n\n\n<p><strong>RESOLVE:<\/strong><\/p>\n\n\n<p>Alterar no Anexo I da Portaria n\u00ba 241\/REITOR, de 13 de julho de 2006, tendo em tendo em vista parecer da Coordena\u00e7\u00e3o de Assuntos T\u00e9cnicos da Pr\u00f3-Reitoria de Recursos Humanos e Assuntos Estudantis desta UFPR, de recurso referente \u00e0 segunda fase do Plano de Carreira dos Cargos T\u00e9cnicos Administrativos em Educa\u00e7\u00e3o de que trata a Lei n\u00ba 11.091, de 12 de janeiro de 2005, a situa\u00e7\u00e3o do servidor HAMILTON OLIVEIRA ALVES &#8211; 094617, matr\u00edcula SIAPE n\u00ba 342501, para fazer constar que o posicionamento do citado servidor \u00e9 no n\u00edvel de Classifica\u00e7\u00e3o D, n\u00edvel de Capacita\u00e7\u00e3o II, padr\u00e3o de Vencimento 10, com incentivo a qualifica\u00e7\u00e3o no percentual de 15 e n\u00e3o como constou no referido ato.<\/p><p><\/p>\n\n\n<div style=\"height:15px\" aria-hidden=\"true\" class=\"wp-block-spacer\"><\/div>\n\n\n<div class=\"wp-block-buttons is-content-justification-right is-layout-flex wp-container-core-buttons-is-layout-1 wp-block-buttons-is-layout-flex\">\n<div class=\"wp-block-button has-custom-font-size is-style-outline has-small-font-size is-style-outline--1\"><a class=\"wp-block-button__link\" href=\"https:\/\/progepe.ufpr.br\/portarias\/wp-content\/uploads\/pcp\/RT\/2008\/1061R.pdf\" style=\"border-radius:0px\" target=\"_blank\" rel=\"noreferrer noopener\">Acesse o arquivo da portaria<\/a><\/div><\/div>\n","protected":false},"excerpt":{"rendered":"<p>Alterar no Anexo I da Portaria n\u00ba 241\/REITOR, de 13 de julho de 2006, tendo em tendo em vista parecer da Coordena\u00e7\u00e3o de Assuntos T\u00e9cnicos da Pr\u00f3-Reitoria de Recursos Humanos e Assuntos Estudantis desta UFPR, de recurso referente \u00e0 segunda fase do Plano de Carreira dos Cargos T\u00e9cnicos Administrativos em Educa\u00e7\u00e3o de que trata a Lei n\u00ba 11.091, de 12 de janeiro de 2005, a situa\u00e7\u00e3o do servidor HAMILTON OLIVEIRA ALVES &#8211; 094617, matr\u00edcula SIAPE n\u00ba 342501, para fazer constar que o posicionamento do citado servidor \u00e9 no n\u00edvel de Classifica\u00e7\u00e3o D, n\u00edvel de Capacita\u00e7\u00e3o II, padr\u00e3o de<\/p>\n","protected":false},"author":41,"featured_media":0,"comment_status":"closed","ping_status":"closed","sticky":false,"template":"wp-custom-template-emissao-entre-01-05-2004-ate-30-06-2017","format":"standard","meta":{"_acf_changed":false,"iawp_total_views":0,"footnotes":""},"categories":[117],"tags":[246],"class_list":["post-179015","post","type-post","status-publish","format-standard","hentry","category-rt","tag-enquadramento"],"acf":[],"_links":{"self":[{"href":"https:\/\/progepe.ufpr.br\/portarias\/wp-json\/wp\/v2\/posts\/179015","targetHints":{"allow":["GET"]}}],"collection":[{"href":"https:\/\/progepe.ufpr.br\/portarias\/wp-json\/wp\/v2\/posts"}],"about":[{"href":"https:\/\/progepe.ufpr.br\/portarias\/wp-json\/wp\/v2\/types\/post"}],"author":[{"embeddable":true,"href":"https:\/\/progepe.ufpr.br\/portarias\/wp-json\/wp\/v2\/users\/41"}],"replies":[{"embeddable":true,"href":"https:\/\/progepe.ufpr.br\/portarias\/wp-json\/wp\/v2\/comments?post=179015"}],"version-history":[{"count":1,"href":"https:\/\/progepe.ufpr.br\/portarias\/wp-json\/wp\/v2\/posts\/179015\/revisions"}],"predecessor-version":[{"id":217678,"href":"https:\/\/progepe.ufpr.br\/portarias\/wp-json\/wp\/v2\/posts\/179015\/revisions\/217678"}],"wp:attachment":[{"href":"https:\/\/progepe.ufpr.br\/portarias\/wp-json\/wp\/v2\/media?parent=179015"}],"wp:term":[{"taxonomy":"category","embeddable":true,"href":"https:\/\/progepe.ufpr.br\/portarias\/wp-json\/wp\/v2\/categories?post=179015"},{"taxonomy":"post_tag","embeddable":true,"href":"https:\/\/progepe.ufpr.br\/portarias\/wp-json\/wp\/v2\/tags?post=179015"}],"curies":[{"name":"wp","href":"https:\/\/api.w.org\/{rel}","templated":true}]}}