{"id":179047,"date":"2008-10-02T05:00:00","date_gmt":"2008-10-02T08:00:00","guid":{"rendered":"http:\/\/progepe.ufpr.br\/portarias\/rt-2008-01348\/"},"modified":"2023-07-31T17:42:13","modified_gmt":"2023-07-31T20:42:13","slug":"rt-2008-01348","status":"publish","type":"post","link":"https:\/\/progepe.ufpr.br\/portarias\/rt-2008-01348\/","title":{"rendered":"PORTARIA N\u00ba 01348\/REITORIA, DE 02 DE OUTUBRO DE 2008"},"content":{"rendered":"\n<p>A Vice-Reitora da Universidade Federal do Paran\u00e1, no exerc\u00edcio da Reitoria, no uso de suas atribui\u00e7\u00f5es e tendo em vista o que consta no processo n\u00ba 26305\/08-39,<\/p>\n\n\n<p><strong>RESOLVE:<\/strong><\/p>\n\n\n<p>I. Retificar no Anexo I da Portaria n\u00ba 241\/REITOR, de 13 de julho de 2006, que homologou ad referendum o enquadramento por N\u00edvel de Capacita\u00e7\u00e3o e a concess\u00e3o do Incentivo \u00e0 Qualifica\u00e7\u00e3o dos servidores da UFPR, a situa\u00e7\u00e3o da servidora CLEUNICE GALDINO DA NOBREGA &#8211; 150070, matr\u00edcula SIAPE n\u00ba 1222567, tendo em vista parecer da Comiss\u00e3o de Enquadramento, de recurso referente \u00e0 segunda fase do Plano de Carreira dos Cargos T\u00e9cnicos Administrativos em Educa\u00e7\u00e3o de que trata a Lei n\u00ba 11.233, de 22 de dezembro de 2005: Onde se L\u00ea: N\u00edvel de Classifica\u00e7\u00e3o E, N\u00edvel de Capacita\u00e7\u00e3o I, Padr\u00e3o de Vencimento 04.<\/p><p> Leia-se: N\u00edvel de Classifica\u00e7\u00e3o E, N\u00edvel de Capacita\u00e7\u00e3o IV, Padr\u00e3o de Vencimento 04.<\/p><p> II. Fazer constar para a servidora, no citado Anexo, o Incentivo \u00e0 Qualifica\u00e7\u00e3o no percentual de 27, tendo em vista a valida\u00e7\u00e3o do Certificado de Especializa\u00e7\u00e3o em Gest\u00e3o de Recursos Humanos, emitido pela Universidade Federal do Paran\u00e1.<\/p><p><\/p>\n\n\n<div style=\"height:15px\" aria-hidden=\"true\" class=\"wp-block-spacer\"><\/div>\n\n\n<div class=\"wp-block-buttons is-content-justification-right is-layout-flex wp-container-core-buttons-is-layout-1 wp-block-buttons-is-layout-flex\">\n<div class=\"wp-block-button has-custom-font-size is-style-outline has-small-font-size is-style-outline--1\"><a class=\"wp-block-button__link\" href=\"https:\/\/progepe.ufpr.br\/portarias\/wp-content\/uploads\/pcp\/RT\/2008\/1348R.pdf\" style=\"border-radius:0px\" target=\"_blank\" rel=\"noreferrer noopener\">Acesse o arquivo da portaria<\/a><\/div><\/div>\n","protected":false},"excerpt":{"rendered":"<p>I. Retificar no Anexo I da Portaria n\u00ba 241\/REITOR, de 13 de julho de 2006, que homologou ad referendum o enquadramento por N\u00edvel de Capacita\u00e7\u00e3o e a concess\u00e3o do Incentivo \u00e0 Qualifica\u00e7\u00e3o dos servidores da UFPR, a situa\u00e7\u00e3o da servidora CLEUNICE GALDINO DA NOBREGA &#8211; 150070, matr\u00edcula SIAPE n\u00ba 1222567, tendo em vista parecer da Comiss\u00e3o de Enquadramento, de recurso referente \u00e0 segunda fase do Plano de Carreira dos Cargos T\u00e9cnicos Administrativos em Educa\u00e7\u00e3o de que trata a Lei n\u00ba 11.233, de 22 de dezembro de 2005: Onde se L\u00ea: N\u00edvel de Classifica\u00e7\u00e3o E, N\u00edvel de Capacita\u00e7\u00e3o I,<\/p>\n","protected":false},"author":41,"featured_media":0,"comment_status":"closed","ping_status":"closed","sticky":false,"template":"wp-custom-template-emissao-entre-01-05-2004-ate-30-06-2017","format":"standard","meta":{"_acf_changed":false,"iawp_total_views":0,"footnotes":""},"categories":[117],"tags":[246],"class_list":["post-179047","post","type-post","status-publish","format-standard","hentry","category-rt","tag-enquadramento"],"acf":[],"_links":{"self":[{"href":"https:\/\/progepe.ufpr.br\/portarias\/wp-json\/wp\/v2\/posts\/179047","targetHints":{"allow":["GET"]}}],"collection":[{"href":"https:\/\/progepe.ufpr.br\/portarias\/wp-json\/wp\/v2\/posts"}],"about":[{"href":"https:\/\/progepe.ufpr.br\/portarias\/wp-json\/wp\/v2\/types\/post"}],"author":[{"embeddable":true,"href":"https:\/\/progepe.ufpr.br\/portarias\/wp-json\/wp\/v2\/users\/41"}],"replies":[{"embeddable":true,"href":"https:\/\/progepe.ufpr.br\/portarias\/wp-json\/wp\/v2\/comments?post=179047"}],"version-history":[{"count":1,"href":"https:\/\/progepe.ufpr.br\/portarias\/wp-json\/wp\/v2\/posts\/179047\/revisions"}],"predecessor-version":[{"id":217710,"href":"https:\/\/progepe.ufpr.br\/portarias\/wp-json\/wp\/v2\/posts\/179047\/revisions\/217710"}],"wp:attachment":[{"href":"https:\/\/progepe.ufpr.br\/portarias\/wp-json\/wp\/v2\/media?parent=179047"}],"wp:term":[{"taxonomy":"category","embeddable":true,"href":"https:\/\/progepe.ufpr.br\/portarias\/wp-json\/wp\/v2\/categories?post=179047"},{"taxonomy":"post_tag","embeddable":true,"href":"https:\/\/progepe.ufpr.br\/portarias\/wp-json\/wp\/v2\/tags?post=179047"}],"curies":[{"name":"wp","href":"https:\/\/api.w.org\/{rel}","templated":true}]}}