{"id":179129,"date":"2008-10-30T05:02:00","date_gmt":"2008-10-30T07:02:00","guid":{"rendered":"http:\/\/progepe.ufpr.br\/portarias\/rt-2008-01387\/"},"modified":"2023-08-03T13:02:40","modified_gmt":"2023-08-03T16:02:40","slug":"rt-2008-01387","status":"publish","type":"post","link":"https:\/\/progepe.ufpr.br\/portarias\/rt-2008-01387\/","title":{"rendered":"PORTARIA N\u00ba 01387\/REITORIA, DE 30 DE OUTUBRO DE 2008"},"content":{"rendered":"\n<p>A Vice-Reitora da Universidade Federal do Paran\u00e1, no exerc\u00edcio da Reitoria, usando da atribui\u00e7\u00e3o que lhe foi conferida pelo \u00a7 5\u00ba, artigo 1\u00ba do Decreto n\u00ba 1.916\/96 e ainda o contido no processo n\u00ba 45684\/08-66,<\/p>\n\n\n<p><strong>RESOLVE:<\/strong><\/p>\n\n\n<p>I. Nomear o Professor ALIPIO SANTOS LEAL NETO &#8211; 97730, CPF n\u00ba \u275a\u275a\u275a.\u275a\u275a\u275a.\u275a\u275a\u275a-\u275a\u275a, Docente do Ensino B\u00e1sico T\u00e9cnico e Tecnol\u00f3gico, no regime de trabalho de dedica\u00e7\u00e3o exclusiva, para exercer o cargo de Diretor do Setor Escola T\u00e9cnica, CD- 03, desta Universidade, a partir de 05 de setembro de 2008, at\u00e9 29 de janeiro de 2010, t\u00e9rmino do mandato, autorizada pela Portaria do Minist\u00e9rio da Educa\u00e7\u00e3o n\u00ba 1.109, de 04 de setembro de 2008, publicada no DOU de 05.09.2008.<\/p><p> II. O mencionado docente cumprir\u00e1, obrigatoriamente, o regime de trabalho de tempo integral, de acordo com o disposto no \u00a7 5\u00b0, artigo 1\u00b0 da Lei n\u00b0 8.168\/91.<\/p><p><\/p>\n\n\n<div style=\"height:15px\" aria-hidden=\"true\" class=\"wp-block-spacer\"><\/div>\n\n\n<div class=\"wp-block-buttons is-content-justification-right is-layout-flex wp-container-core-buttons-is-layout-1 wp-block-buttons-is-layout-flex\">\n<div class=\"wp-block-button has-custom-font-size is-style-outline has-small-font-size is-style-outline--1\"><a class=\"wp-block-button__link\" href=\"https:\/\/progepe.ufpr.br\/portarias\/wp-content\/uploads\/pcp\/RT\/2008\/1387R.pdf\" style=\"border-radius:0px\" target=\"_blank\" rel=\"noreferrer noopener\">Acesse o arquivo da portaria<\/a><\/div><\/div>\n","protected":false},"excerpt":{"rendered":"<p>I. Nomear o Professor ALIPIO SANTOS LEAL NETO &#8211; 97730, CPF n\u00ba \u275a\u275a\u275a.\u275a\u275a\u275a.\u275a\u275a\u275a-\u275a\u275a, Docente do Ensino B\u00e1sico T\u00e9cnico e Tecnol\u00f3gico, no regime de trabalho de dedica\u00e7\u00e3o exclusiva, para exercer o cargo de Diretor do Setor Escola T\u00e9cnica, CD- 03, desta Universidade, a partir de 05 de setembro de 2008, at\u00e9 29 de janeiro de 2010, t\u00e9rmino do mandato, autorizada pela Portaria do Minist\u00e9rio da Educa\u00e7\u00e3o n\u00ba 1.109, de 04 de setembro de 2008, publicada no DOU de 05.09.2008. II. O mencionado docente cumprir\u00e1, obrigatoriamente, o regime de trabalho de tempo integral, de acordo com o disposto no \u00a7<\/p>\n","protected":false},"author":41,"featured_media":0,"comment_status":"closed","ping_status":"closed","sticky":false,"template":"wp-custom-template-emissao-entre-01-05-2004-ate-30-06-2017","format":"standard","meta":{"_acf_changed":false,"iawp_total_views":0,"footnotes":""},"categories":[117],"tags":[120],"class_list":["post-179129","post","type-post","status-publish","format-standard","hentry","category-rt","tag-funcao"],"acf":[],"_links":{"self":[{"href":"https:\/\/progepe.ufpr.br\/portarias\/wp-json\/wp\/v2\/posts\/179129","targetHints":{"allow":["GET"]}}],"collection":[{"href":"https:\/\/progepe.ufpr.br\/portarias\/wp-json\/wp\/v2\/posts"}],"about":[{"href":"https:\/\/progepe.ufpr.br\/portarias\/wp-json\/wp\/v2\/types\/post"}],"author":[{"embeddable":true,"href":"https:\/\/progepe.ufpr.br\/portarias\/wp-json\/wp\/v2\/users\/41"}],"replies":[{"embeddable":true,"href":"https:\/\/progepe.ufpr.br\/portarias\/wp-json\/wp\/v2\/comments?post=179129"}],"version-history":[{"count":1,"href":"https:\/\/progepe.ufpr.br\/portarias\/wp-json\/wp\/v2\/posts\/179129\/revisions"}],"predecessor-version":[{"id":217788,"href":"https:\/\/progepe.ufpr.br\/portarias\/wp-json\/wp\/v2\/posts\/179129\/revisions\/217788"}],"wp:attachment":[{"href":"https:\/\/progepe.ufpr.br\/portarias\/wp-json\/wp\/v2\/media?parent=179129"}],"wp:term":[{"taxonomy":"category","embeddable":true,"href":"https:\/\/progepe.ufpr.br\/portarias\/wp-json\/wp\/v2\/categories?post=179129"},{"taxonomy":"post_tag","embeddable":true,"href":"https:\/\/progepe.ufpr.br\/portarias\/wp-json\/wp\/v2\/tags?post=179129"}],"curies":[{"name":"wp","href":"https:\/\/api.w.org\/{rel}","templated":true}]}}