{"id":179139,"date":"2008-11-24T05:04:00","date_gmt":"2008-11-24T07:04:00","guid":{"rendered":"http:\/\/progepe.ufpr.br\/portarias\/rt-2008-01407\/"},"modified":"2023-08-02T16:50:06","modified_gmt":"2023-08-02T19:50:06","slug":"rt-2008-01407","status":"publish","type":"post","link":"https:\/\/progepe.ufpr.br\/portarias\/rt-2008-01407\/","title":{"rendered":"PORTARIA N\u00ba 01407\/REITORIA, DE 24 DE NOVEMBRO DE 2008"},"content":{"rendered":"\n<p style=\"padding-left:43%\">A Reitora <em>pro tempore<\/em> da Universidade Federal do Paran\u00e1, no uso de suas atribui\u00e7\u00f5es e tendo em vista o que consta no processo n\u00ba 48668\/08-25,<\/p>\n\n\n\n<p style=\"padding-left:43%\"><strong>RESOLVE:<\/strong><\/p>\n\n\n\n<p>Exonerar, a partir de 05 de setembro de 2008, o Professor CARLOS JOSE DE MESQUITA SIQUEIRA &#8211; 135747, classe Adjunto, CPF n\u00ba \u275a\u275a\u275a.\u275a\u275a\u275a.\u275a\u275a\u275a-\u275a\u275a, do cargo de Chefe da Divis\u00e3o de Expediente, FG-03, do Gabinete do Reitor.<\/p>\n","protected":false},"excerpt":{"rendered":"<p>Exonerar, a partir de 05 de setembro de 2008, o Professor CARLOS JOSE DE MESQUITA SIQUEIRA &#8211; 135747, classe Adjunto, CPF n\u00ba \u275a\u275a\u275a.\u275a\u275a\u275a.\u275a\u275a\u275a-\u275a\u275a, do cargo de Chefe da Divis\u00e3o de Expediente, FG-03, do Gabinete do Reitor.<\/p>\n","protected":false},"author":41,"featured_media":0,"comment_status":"closed","ping_status":"closed","sticky":false,"template":"","format":"standard","meta":{"_acf_changed":false,"iawp_total_views":0,"footnotes":""},"categories":[117],"tags":[120],"class_list":["post-179139","post","type-post","status-publish","format-standard","hentry","category-rt","tag-funcao"],"acf":[],"_links":{"self":[{"href":"https:\/\/progepe.ufpr.br\/portarias\/wp-json\/wp\/v2\/posts\/179139","targetHints":{"allow":["GET"]}}],"collection":[{"href":"https:\/\/progepe.ufpr.br\/portarias\/wp-json\/wp\/v2\/posts"}],"about":[{"href":"https:\/\/progepe.ufpr.br\/portarias\/wp-json\/wp\/v2\/types\/post"}],"author":[{"embeddable":true,"href":"https:\/\/progepe.ufpr.br\/portarias\/wp-json\/wp\/v2\/users\/41"}],"replies":[{"embeddable":true,"href":"https:\/\/progepe.ufpr.br\/portarias\/wp-json\/wp\/v2\/comments?post=179139"}],"version-history":[{"count":3,"href":"https:\/\/progepe.ufpr.br\/portarias\/wp-json\/wp\/v2\/posts\/179139\/revisions"}],"predecessor-version":[{"id":228090,"href":"https:\/\/progepe.ufpr.br\/portarias\/wp-json\/wp\/v2\/posts\/179139\/revisions\/228090"}],"wp:attachment":[{"href":"https:\/\/progepe.ufpr.br\/portarias\/wp-json\/wp\/v2\/media?parent=179139"}],"wp:term":[{"taxonomy":"category","embeddable":true,"href":"https:\/\/progepe.ufpr.br\/portarias\/wp-json\/wp\/v2\/categories?post=179139"},{"taxonomy":"post_tag","embeddable":true,"href":"https:\/\/progepe.ufpr.br\/portarias\/wp-json\/wp\/v2\/tags?post=179139"}],"curies":[{"name":"wp","href":"https:\/\/api.w.org\/{rel}","templated":true}]}}