{"id":179196,"date":"2008-05-12T05:03:00","date_gmt":"2008-05-12T08:03:00","guid":{"rendered":"http:\/\/progepe.ufpr.br\/portarias\/rt-2008-01164\/"},"modified":"2023-08-03T13:02:18","modified_gmt":"2023-08-03T16:02:18","slug":"rt-2008-01164","status":"publish","type":"post","link":"https:\/\/progepe.ufpr.br\/portarias\/rt-2008-01164\/","title":{"rendered":"PORTARIA N\u00ba 01164\/REITORIA, DE 12 DE MAIO DE 2008"},"content":{"rendered":"\n<p>A Vice-Reitora da Universidade Federal do Paran\u00e1, no exerc\u00edcio do cargo de Reitora, no uso de suas atribui\u00e7\u00f5es e tendo em vista o contido no processo n\u00ba 13172\/08-31,<\/p>\n\n\n<p><strong>RESOLVE:<\/strong><\/p>\n\n\n<p>Considerando os estudos da comiss\u00e3o designada para inclus\u00e3o dos representantes dos Professores Associados no Conselho de Planejamento e Administra\u00e7\u00e3o &#8211; COPLAD (Portaria n\u00b0 714\/REITOR, de 28 de maio de 2007) e a necessidade de altera\u00e7\u00e3o do Regimento Geral, prorrogar o mandato dos atuais Conselheiros, conforme abaixo relacionados, junto ao citado Conselho, at\u00e9 a posse dos novos representantes a serem eleitos: Representantes da classe de Professor Titular Suplente: ROMILDO ROMUALDO WEISS &#8211; 061905 Representantes da classe de Professor Adjunto Titular: LUIS AUGUSTO KOENIG VEIGA &#8211; 158224 Representantes da classe de Professor Assistente Titular: ELISA MARIA DALLA BONA &#8211; 105546 Suplente: MOISES PRATES SILVEIRA &#8211; 155748 Representantes da classe de Professor Auxiliar Suplente: ROGERIO DISTEFANO &#8211; 120723 Representantes da classe de Professor de 1\u00ba e 2\u00ba Graus Titulares: NEILOR VANDERLEI KLEINUBING &#8211; 125334 ROBERTO TADEU RAITTZ &#8211; 125555 Suplente: JUAREZ NELSON ALVES DE LIMA &#8211; 154520<\/p><p><\/p>\n\n\n<div style=\"height:15px\" aria-hidden=\"true\" class=\"wp-block-spacer\"><\/div>\n\n\n<div class=\"wp-block-buttons is-content-justification-right is-layout-flex wp-container-core-buttons-is-layout-1 wp-block-buttons-is-layout-flex\">\n<div class=\"wp-block-button has-custom-font-size is-style-outline has-small-font-size is-style-outline--1\"><a class=\"wp-block-button__link\" href=\"https:\/\/progepe.ufpr.br\/portarias\/wp-content\/uploads\/pcp\/RT\/2008\/1164R.pdf\" style=\"border-radius:0px\" target=\"_blank\" rel=\"noreferrer noopener\">Acesse o arquivo da portaria<\/a><\/div><\/div>\n","protected":false},"excerpt":{"rendered":"<p>Considerando os estudos da comiss\u00e3o designada para inclus\u00e3o dos representantes dos Professores Associados no Conselho de Planejamento e Administra\u00e7\u00e3o &#8211; COPLAD (Portaria n\u00b0 714\/REITOR, de 28 de maio de 2007) e a necessidade de altera\u00e7\u00e3o do Regimento Geral, prorrogar o mandato dos atuais Conselheiros, conforme abaixo relacionados, junto ao citado Conselho, at\u00e9 a posse dos novos representantes a serem eleitos: Representantes da classe de Professor Titular Suplente: ROMILDO ROMUALDO WEISS &#8211; 061905 Representantes da classe de Professor Adjunto Titular: LUIS AUGUSTO KOENIG VEIGA &#8211; 158224 Representantes da classe de Professor Assistente Titular: ELISA MARIA DALLA BONA &#8211; 105546<\/p>\n","protected":false},"author":41,"featured_media":0,"comment_status":"closed","ping_status":"closed","sticky":false,"template":"wp-custom-template-emissao-entre-01-05-2004-ate-30-06-2017","format":"standard","meta":{"_acf_changed":false,"iawp_total_views":1,"footnotes":""},"categories":[117],"tags":[126],"class_list":["post-179196","post","type-post","status-publish","format-standard","hentry","category-rt","tag-representante"],"acf":[],"_links":{"self":[{"href":"https:\/\/progepe.ufpr.br\/portarias\/wp-json\/wp\/v2\/posts\/179196","targetHints":{"allow":["GET"]}}],"collection":[{"href":"https:\/\/progepe.ufpr.br\/portarias\/wp-json\/wp\/v2\/posts"}],"about":[{"href":"https:\/\/progepe.ufpr.br\/portarias\/wp-json\/wp\/v2\/types\/post"}],"author":[{"embeddable":true,"href":"https:\/\/progepe.ufpr.br\/portarias\/wp-json\/wp\/v2\/users\/41"}],"replies":[{"embeddable":true,"href":"https:\/\/progepe.ufpr.br\/portarias\/wp-json\/wp\/v2\/comments?post=179196"}],"version-history":[{"count":1,"href":"https:\/\/progepe.ufpr.br\/portarias\/wp-json\/wp\/v2\/posts\/179196\/revisions"}],"predecessor-version":[{"id":217834,"href":"https:\/\/progepe.ufpr.br\/portarias\/wp-json\/wp\/v2\/posts\/179196\/revisions\/217834"}],"wp:attachment":[{"href":"https:\/\/progepe.ufpr.br\/portarias\/wp-json\/wp\/v2\/media?parent=179196"}],"wp:term":[{"taxonomy":"category","embeddable":true,"href":"https:\/\/progepe.ufpr.br\/portarias\/wp-json\/wp\/v2\/categories?post=179196"},{"taxonomy":"post_tag","embeddable":true,"href":"https:\/\/progepe.ufpr.br\/portarias\/wp-json\/wp\/v2\/tags?post=179196"}],"curies":[{"name":"wp","href":"https:\/\/api.w.org\/{rel}","templated":true}]}}