{"id":179200,"date":"2008-06-13T05:01:00","date_gmt":"2008-06-13T08:01:00","guid":{"rendered":"http:\/\/progepe.ufpr.br\/portarias\/rt-2008-01227\/"},"modified":"2023-08-03T13:02:25","modified_gmt":"2023-08-03T16:02:25","slug":"rt-2008-01227","status":"publish","type":"post","link":"https:\/\/progepe.ufpr.br\/portarias\/rt-2008-01227\/","title":{"rendered":"PORTARIA N\u00ba 01227\/REITORIA, DE 13 DE JUNHO DE 2008"},"content":{"rendered":"\n<p>A Vice-Reitora da Universidade Federal do Paran\u00e1, no exerc\u00edcio da Reitoria, no uso de suas atribui\u00e7\u00f5es, tendo em vista o que consta na Resolu\u00e7\u00e3o n\u00ba 15\/08-COPLAD e ainda o contido no processo n\u00ba 16566\/08-41,<\/p>\n\n\n<p><strong>RESOLVE:<\/strong><\/p>\n\n\n<p>Designar, conforme abaixo relacionados, os representantes das classes docentes junto ao Conselho de Planejamento e Administra\u00e7\u00e3o &#8211; COPLAD, da Universidade Federal do Paran\u00e1, pelo per\u00edodo de 02 (dois) anos, a partir de 30 de maio de 2008:.<\/p><p> Representantes da classe de Professor Titular.<\/p><p> Titulares:.<\/p><p> ANA SOFIA CLIMACO MONTEIRO DE OLIVEIRA &#8211; 115100.<\/p><p> ALMIR ANTONIO URBANETZ &#8211; 096873.<\/p><p> Suplentes:.<\/p><p> ANTONIO FELIPE PAULINO DE F. WOUK &#8211; 066354.<\/p><p> LUIZ VAMBERTO DE SANTANA &#8211; 045764.<\/p><p> Representantes da classe de Professor Associado.<\/p><p> Titulares:.<\/p><p> CARLOS ESTEVAM NOLF DAMIANI &#8211; 050229.<\/p><p> SILVIO ROGERIO CORREIA DE FREITAS &#8211; 065609.<\/p><p> Suplentes:.<\/p><p> WILSON MARQUES JUNIOR &#8211; 115223.<\/p><p> MARCIO JOSE FRAXINO BINDO &#8211; 077445.<\/p><p> Representantes da classe de Professor Adjunto.<\/p><p> Titulares:.<\/p><p> PAULO AFONSO BRACARENSE COSTA &#8211; 105201.<\/p><p> CARLA GALV\u00c3O SPINILLO &#8211; 183032.<\/p><p> Suplentes:.<\/p><p> LUIS AUGUSTO KOENIG VEIGA &#8211; 158224.<\/p><p> ANA MARIA PETRAITIS LIBLIK &#8211; 168033.<\/p><p> Representantes da classe de Professor Assistente.<\/p><p> Titulares:.<\/p><p> LUCIANE BITTENCOURT CARIAS DE OLIVEIRA &#8211; 151580.<\/p><p> MOISES PRATES SILVEIRA &#8211; 155748.<\/p><p> Suplentes:.<\/p><p> CARLOS EDUARDO PIANOVSKI RUZYK &#8211; 200123.<\/p><p> MARILIA DE OLIVEIRA GARCIA DIAZ &#8211; 120677.<\/p><p> Representantes da classe de Professor Auxiliar.<\/p><p> Titulares:.<\/p><p> DERIVAN BRITO DA SILVA &#8211; 181358.<\/p><p> ROBERTO RATZKE &#8211; 167959.<\/p><p> Suplentes:.<\/p><p> TIBIRI\u00c7A KRUGER MOREIRA &#8211; 103730.<\/p><p> CARLOS JOAQUIM DE OLIVEIRA FRANCO &#8211; 123293.<\/p><p> Representantes da classe de Professor do Ensino de 2\u00ba Grau.<\/p><p> Titulares:.<\/p><p> ROBERTO TADEU RAITTZ &#8211; 125555.<\/p><p> EDUARDO HARDER &#8211; 188441.<\/p><p> Suplentes:.<\/p><p> CLEVERSON RIBAS CARNEIRO &#8211; 190799.<\/p><p> NEILOR VANDERLEI KLEINUBING &#8211; 125334.<\/p><p><\/p>\n\n\n<div style=\"height:15px\" aria-hidden=\"true\" class=\"wp-block-spacer\"><\/div>\n\n\n<div class=\"wp-block-buttons is-content-justification-right is-layout-flex wp-container-core-buttons-is-layout-1 wp-block-buttons-is-layout-flex\">\n<div class=\"wp-block-button has-custom-font-size is-style-outline has-small-font-size is-style-outline--1\"><a class=\"wp-block-button__link\" href=\"https:\/\/progepe.ufpr.br\/portarias\/wp-content\/uploads\/pcp\/RT\/2008\/1227R.pdf\" style=\"border-radius:0px\" target=\"_blank\" rel=\"noreferrer noopener\">Acesse o arquivo da portaria<\/a><\/div><\/div>\n","protected":false},"excerpt":{"rendered":"<p>Designar, conforme abaixo relacionados, os representantes das classes docentes junto ao Conselho de Planejamento e Administra\u00e7\u00e3o &#8211; COPLAD, da Universidade Federal do Paran\u00e1, pelo per\u00edodo de 02 (dois) anos, a partir de 30 de maio de 2008:. Representantes da classe de Professor Titular. Titulares:. ANA SOFIA CLIMACO MONTEIRO DE OLIVEIRA &#8211; 115100. ALMIR ANTONIO URBANETZ &#8211; 096873. Suplentes:. ANTONIO FELIPE PAULINO DE F. WOUK &#8211; 066354. LUIZ VAMBERTO DE SANTANA &#8211; 045764. Representantes da classe de Professor Associado. Titulares:. CARLOS ESTEVAM NOLF DAMIANI &#8211; 050229. SILVIO ROGERIO CORREIA DE FREITAS &#8211; 065609. Suplentes:. WILSON MARQUES JUNIOR &#8211; 115223.<\/p>\n","protected":false},"author":41,"featured_media":0,"comment_status":"closed","ping_status":"closed","sticky":false,"template":"wp-custom-template-emissao-entre-01-05-2004-ate-30-06-2017","format":"standard","meta":{"_acf_changed":false,"iawp_total_views":1,"footnotes":""},"categories":[117],"tags":[126],"class_list":["post-179200","post","type-post","status-publish","format-standard","hentry","category-rt","tag-representante"],"acf":[],"_links":{"self":[{"href":"https:\/\/progepe.ufpr.br\/portarias\/wp-json\/wp\/v2\/posts\/179200","targetHints":{"allow":["GET"]}}],"collection":[{"href":"https:\/\/progepe.ufpr.br\/portarias\/wp-json\/wp\/v2\/posts"}],"about":[{"href":"https:\/\/progepe.ufpr.br\/portarias\/wp-json\/wp\/v2\/types\/post"}],"author":[{"embeddable":true,"href":"https:\/\/progepe.ufpr.br\/portarias\/wp-json\/wp\/v2\/users\/41"}],"replies":[{"embeddable":true,"href":"https:\/\/progepe.ufpr.br\/portarias\/wp-json\/wp\/v2\/comments?post=179200"}],"version-history":[{"count":1,"href":"https:\/\/progepe.ufpr.br\/portarias\/wp-json\/wp\/v2\/posts\/179200\/revisions"}],"predecessor-version":[{"id":217838,"href":"https:\/\/progepe.ufpr.br\/portarias\/wp-json\/wp\/v2\/posts\/179200\/revisions\/217838"}],"wp:attachment":[{"href":"https:\/\/progepe.ufpr.br\/portarias\/wp-json\/wp\/v2\/media?parent=179200"}],"wp:term":[{"taxonomy":"category","embeddable":true,"href":"https:\/\/progepe.ufpr.br\/portarias\/wp-json\/wp\/v2\/categories?post=179200"},{"taxonomy":"post_tag","embeddable":true,"href":"https:\/\/progepe.ufpr.br\/portarias\/wp-json\/wp\/v2\/tags?post=179200"}],"curies":[{"name":"wp","href":"https:\/\/api.w.org\/{rel}","templated":true}]}}