{"id":17922,"date":"2019-11-28T05:10:00","date_gmt":"2019-11-28T08:10:00","guid":{"rendered":"http:\/\/progepe.ufpr.br\/portal\/?post_type=portarias&#038;p=17922"},"modified":"2023-08-03T13:16:54","modified_gmt":"2023-08-03T16:16:54","slug":"rt-2019-01144","status":"publish","type":"post","link":"https:\/\/progepe.ufpr.br\/portarias\/rt-2019-01144\/","title":{"rendered":"PORTARIA N\u00ba 01144\/REITORIA, DE 27 DE NOVEMBRO DE 2019"},"content":{"rendered":"\n<p><strong>O Reitor da Universidade Federal do Paran\u00e1, <\/strong>no uso de suas atribui\u00e7\u00f5es e tendo em vista o que consta no processo n\u00ba 23075.003451\/2019-49, <\/p>\n\n\n\n<p>RESOLVE:<\/p>\n\n\n\n<p> Conceder jornada flexibilizada, tendo em vista o que consta na Portaria  n\u00ba 643\/REITORIA, de 26 de novembro de 2018, retificada pela Portaria n\u00ba  692\/REITORIA, de 17 de dezembro de 2018, por 01 (um) ano, a partir de 25  de novembro de 2019, ao servidor FRANCISCO GILBERTO ORO &#8211; 340008,  ocupante do cargo de Assistente em Administra\u00e7\u00e3o, lotado na Coordena\u00e7\u00e3o  do Curso de Engenharia El\u00e9trica do Setor de Tecnologia. <\/p>\n\n\n\n<p style=\"text-align:right\"><strong>RICARDO MARCELO FONSECA<\/strong><\/p>\n","protected":false},"excerpt":{"rendered":"<p>Conceder jornada flexibilizada, tendo em vista o que consta na Portaria n\u00ba 643\/REITORIA, de 26 de novembro de 2018, retificada pela Portaria n\u00ba 692\/REITORIA, de 17 de dezembro de 2018, por 01 (um) ano, a partir de 25 de novembro de 2019, ao servidor FRANCISCO GILBERTO ORO &#8211; 340008, ocupante do cargo de Assistente em Administra\u00e7\u00e3o, lotado na Coordena\u00e7\u00e3o do Curso de Engenharia El\u00e9trica do Setor de Tecnologia.  <!-- wp:paragraph {\"align\":\"right\"} \n\n<p style=\"text-align:right\"><strong>RICARDO MARCELO FONSECA<\/strong>\n<\/p>\n","protected":false},"author":48,"featured_media":0,"comment_status":"closed","ping_status":"closed","sticky":false,"template":"","format":"standard","meta":{"_acf_changed":false,"iawp_total_views":0,"footnotes":""},"categories":[117],"tags":[133],"class_list":["post-17922","post","type-post","status-publish","format-standard","hentry","category-rt","tag-jornada-flexibilizada"],"acf":[],"_links":{"self":[{"href":"https:\/\/progepe.ufpr.br\/portarias\/wp-json\/wp\/v2\/posts\/17922","targetHints":{"allow":["GET"]}}],"collection":[{"href":"https:\/\/progepe.ufpr.br\/portarias\/wp-json\/wp\/v2\/posts"}],"about":[{"href":"https:\/\/progepe.ufpr.br\/portarias\/wp-json\/wp\/v2\/types\/post"}],"author":[{"embeddable":true,"href":"https:\/\/progepe.ufpr.br\/portarias\/wp-json\/wp\/v2\/users\/48"}],"replies":[{"embeddable":true,"href":"https:\/\/progepe.ufpr.br\/portarias\/wp-json\/wp\/v2\/comments?post=17922"}],"version-history":[{"count":1,"href":"https:\/\/progepe.ufpr.br\/portarias\/wp-json\/wp\/v2\/posts\/17922\/revisions"}],"predecessor-version":[{"id":191477,"href":"https:\/\/progepe.ufpr.br\/portarias\/wp-json\/wp\/v2\/posts\/17922\/revisions\/191477"}],"wp:attachment":[{"href":"https:\/\/progepe.ufpr.br\/portarias\/wp-json\/wp\/v2\/media?parent=17922"}],"wp:term":[{"taxonomy":"category","embeddable":true,"href":"https:\/\/progepe.ufpr.br\/portarias\/wp-json\/wp\/v2\/categories?post=17922"},{"taxonomy":"post_tag","embeddable":true,"href":"https:\/\/progepe.ufpr.br\/portarias\/wp-json\/wp\/v2\/tags?post=17922"}],"curies":[{"name":"wp","href":"https:\/\/api.w.org\/{rel}","templated":true}]}}