{"id":17967,"date":"2019-11-28T05:16:00","date_gmt":"2019-11-28T08:16:00","guid":{"rendered":"http:\/\/progepe.ufpr.br\/portal\/?post_type=portarias&#038;p=17967"},"modified":"2023-08-03T13:16:54","modified_gmt":"2023-08-03T16:16:54","slug":"rt-2019-01150","status":"publish","type":"post","link":"https:\/\/progepe.ufpr.br\/portarias\/rt-2019-01150\/","title":{"rendered":"PORTARIA N\u00ba 01150\/REITORIA, DE 27 DE NOVEMBRO DE 2019"},"content":{"rendered":"\n<p><strong>O Reitor da Universidade Federal do Paran\u00e1, <\/strong>no uso de suas atribui\u00e7\u00f5es e tendo em vista o que consta no processo n\u00ba 23075.075147\/2018-12, <\/p>\n\n\n\n<p>RESOLVE:<\/p>\n\n\n\n<p> Conceder jornada flexibilizada, tendo em vista o que consta na Portaria  n\u00ba 643\/REITORIA, de 26 de novembro de 2018, retificada pela Portaria n\u00ba  692\/REITORIA, de 17 de dezembro de 2018, por 01 (um) ano, a partir de 25  de novembro de 2019, \u00e0 servidora FERNANDA MEIRA SANTOS CHAUCHUTI &#8211;  1346467, ocupante do cargo de Assistente em Administra\u00e7\u00e3o, lotada na  Coordena\u00e7\u00e3o do Curso de Ci\u00eancias Cont\u00e1beis do Setor de Ci\u00eancias Sociais  Aplicadas. <\/p>\n\n\n\n<p style=\"text-align:right\"><strong>RICARDO MARCELO FONSECA<\/strong><\/p>\n","protected":false},"excerpt":{"rendered":"<p>Conceder jornada flexibilizada, tendo em vista o que consta na Portaria n\u00ba 643\/REITORIA, de 26 de novembro de 2018, retificada pela Portaria n\u00ba 692\/REITORIA, de 17 de dezembro de 2018, por 01 (um) ano, a partir de 25 de novembro de 2019, \u00e0 servidora FERNANDA MEIRA SANTOS CHAUCHUTI &#8211; 1346467, ocupante do cargo de Assistente em Administra\u00e7\u00e3o, lotada na Coordena\u00e7\u00e3o do Curso de Ci\u00eancias Cont\u00e1beis do Setor de Ci\u00eancias Sociais Aplicadas.  <!-- wp:paragraph {\"align\":\"right\"} \n\n<p style=\"text-align:right\"><strong>RICARDO MARCELO FONSECA<\/strong>\n<\/p>\n","protected":false},"author":48,"featured_media":0,"comment_status":"closed","ping_status":"closed","sticky":false,"template":"","format":"standard","meta":{"_acf_changed":false,"iawp_total_views":1,"footnotes":""},"categories":[117],"tags":[133],"class_list":["post-17967","post","type-post","status-publish","format-standard","hentry","category-rt","tag-jornada-flexibilizada"],"acf":[],"_links":{"self":[{"href":"https:\/\/progepe.ufpr.br\/portarias\/wp-json\/wp\/v2\/posts\/17967","targetHints":{"allow":["GET"]}}],"collection":[{"href":"https:\/\/progepe.ufpr.br\/portarias\/wp-json\/wp\/v2\/posts"}],"about":[{"href":"https:\/\/progepe.ufpr.br\/portarias\/wp-json\/wp\/v2\/types\/post"}],"author":[{"embeddable":true,"href":"https:\/\/progepe.ufpr.br\/portarias\/wp-json\/wp\/v2\/users\/48"}],"replies":[{"embeddable":true,"href":"https:\/\/progepe.ufpr.br\/portarias\/wp-json\/wp\/v2\/comments?post=17967"}],"version-history":[{"count":1,"href":"https:\/\/progepe.ufpr.br\/portarias\/wp-json\/wp\/v2\/posts\/17967\/revisions"}],"predecessor-version":[{"id":191482,"href":"https:\/\/progepe.ufpr.br\/portarias\/wp-json\/wp\/v2\/posts\/17967\/revisions\/191482"}],"wp:attachment":[{"href":"https:\/\/progepe.ufpr.br\/portarias\/wp-json\/wp\/v2\/media?parent=17967"}],"wp:term":[{"taxonomy":"category","embeddable":true,"href":"https:\/\/progepe.ufpr.br\/portarias\/wp-json\/wp\/v2\/categories?post=17967"},{"taxonomy":"post_tag","embeddable":true,"href":"https:\/\/progepe.ufpr.br\/portarias\/wp-json\/wp\/v2\/tags?post=17967"}],"curies":[{"name":"wp","href":"https:\/\/api.w.org\/{rel}","templated":true}]}}