{"id":179812,"date":"2008-03-31T10:00:00","date_gmt":"2008-03-31T13:00:00","guid":{"rendered":"http:\/\/progepe.ufpr.br\/portarias\/prhae-2008-04478\/"},"modified":"2023-07-31T17:43:18","modified_gmt":"2023-07-31T20:43:18","slug":"prhae-2008-04478","status":"publish","type":"post","link":"https:\/\/progepe.ufpr.br\/portarias\/prhae-2008-04478\/","title":{"rendered":"PORTARIA N\u00ba 04478\/PRHAE, DE 31 DE MAR\u00c7O DE 2008"},"content":{"rendered":"\n<p>O Pr\u00f3-Reitor de Recursos Humanos e Assuntos Estudantis da Universidade Federal do Paran\u00e1, no uso de suas atribui\u00e7\u00f5es, tendo em vista a compet\u00eancia que lhe \u00e9 conferida pela Portaria n\u00ba 2.590, de 26 de setembro de 1997 e considerando o que consta no processo n\u00ba 32422\/07-51,<\/p>\n\n\n<p><strong>RESOLVE:<\/strong><\/p>\n\n\n<p>Conceder aposentadoria volunt\u00e1ria integral por tempo de contribui\u00e7\u00e3o, nos termos do Art. 3\u00b0 da Emenda Constitucional n\u00b0 41\/2003, a GERIZALDA GUIMAR\u00c3ES JULI\u00c3O BERNARDO &#8211; 053600, lotada no Departamento de Biologia Celular do Setor de Ci\u00eancias Biol\u00f3gicas, ocupante da categoria funcional de Administrador, n\u00edvel de Classifica\u00e7\u00e3o E, n\u00edvel de Capacita\u00e7\u00e3o II, padr\u00e3o de Vencimento 16, no regime de 40 (quarenta) horas semanais, com o vencimento do mencionado cargo, mais a gratifica\u00e7\u00e3o adicional por tempo de servi\u00e7o, prevista no Art. 67 da Lei n\u00b0 8.112\/90, no \u00edndice de 25 (vinte e cinco por cento), mais a vantagem pessoal do Art. 5\u00b0 do Decreto n\u00b0 95.689\/88, mantida conforme Senten\u00e7a Judicial &#8211; A\u00e7\u00e3o Ordin\u00e1ria n\u00b0 2002.70.00.069385-5, mais o percentual de 3,17 decorrente da Senten\u00e7a Judicial proferida em A\u00e7\u00e3o Ordin\u00e1ria n\u00b0 99.000.4048-1 da 5\u00aa Vara Federal &#8211; PR, mais a vantagem pessoal do Art. 62 da Lei n\u00b0 8.112\/90, origin\u00e1ria da incorpora\u00e7\u00e3o nos termos do Art.<\/p><p> 3\u00b0 a 11 da Lei n\u00b0 8.911\/94, Lei n\u00b0 9.527\/97 e Lei n\u00b0 9.624\/98, correspondente as fra\u00e7\u00f5es de d\u00e9cimos equivalentes a 10\/10 (dez d\u00e9cimos) da fun\u00e7\u00e3o gratificada, c\u00f3digo FG-07, mais a vantagem pecuni\u00e1ria individual, institu\u00edda pela Lei n\u00b0 10.698\/2003, publicada no DOU de 03.07.2003.<\/p><p><\/p>\n\n\n<div style=\"height:15px\" aria-hidden=\"true\" class=\"wp-block-spacer\"><\/div>\n\n\n<div class=\"wp-block-buttons is-content-justification-right is-layout-flex wp-container-core-buttons-is-layout-1 wp-block-buttons-is-layout-flex\">\n<div class=\"wp-block-button has-custom-font-size is-style-outline has-small-font-size is-style-outline--1\"><a class=\"wp-block-button__link\" href=\"https:\/\/progepe.ufpr.br\/portarias\/wp-content\/uploads\/pcp\/PRHAE\/2008\/4478PR.pdf\" style=\"border-radius:0px\" target=\"_blank\" rel=\"noreferrer noopener\">Acesse o arquivo da portaria<\/a><\/div><\/div>\n","protected":false},"excerpt":{"rendered":"<p>Conceder aposentadoria volunt\u00e1ria integral por tempo de contribui\u00e7\u00e3o, nos termos do Art. 3\u00b0 da Emenda Constitucional n\u00b0 41\/2003, a GERIZALDA GUIMAR\u00c3ES JULI\u00c3O BERNARDO &#8211; 053600, lotada no Departamento de Biologia Celular do Setor de Ci\u00eancias Biol\u00f3gicas, ocupante da categoria funcional de Administrador, n\u00edvel de Classifica\u00e7\u00e3o E, n\u00edvel de Capacita\u00e7\u00e3o II, padr\u00e3o de Vencimento 16, no regime de 40 (quarenta) horas semanais, com o vencimento do mencionado cargo, mais a gratifica\u00e7\u00e3o adicional por tempo de servi\u00e7o, prevista no Art. 67 da Lei n\u00b0 8.112\/90, no \u00edndice de 25 (vinte e cinco por cento), mais a vantagem pessoal do Art.<\/p>\n","protected":false},"author":41,"featured_media":0,"comment_status":"closed","ping_status":"closed","sticky":false,"template":"wp-custom-template-emissao-entre-01-05-2004-ate-30-06-2017","format":"standard","meta":{"_acf_changed":false,"iawp_total_views":0,"footnotes":""},"categories":[232],"tags":[125],"class_list":["post-179812","post","type-post","status-publish","format-standard","hentry","category-prhae","tag-aposentadoria"],"acf":[],"_links":{"self":[{"href":"https:\/\/progepe.ufpr.br\/portarias\/wp-json\/wp\/v2\/posts\/179812","targetHints":{"allow":["GET"]}}],"collection":[{"href":"https:\/\/progepe.ufpr.br\/portarias\/wp-json\/wp\/v2\/posts"}],"about":[{"href":"https:\/\/progepe.ufpr.br\/portarias\/wp-json\/wp\/v2\/types\/post"}],"author":[{"embeddable":true,"href":"https:\/\/progepe.ufpr.br\/portarias\/wp-json\/wp\/v2\/users\/41"}],"replies":[{"embeddable":true,"href":"https:\/\/progepe.ufpr.br\/portarias\/wp-json\/wp\/v2\/comments?post=179812"}],"version-history":[{"count":1,"href":"https:\/\/progepe.ufpr.br\/portarias\/wp-json\/wp\/v2\/posts\/179812\/revisions"}],"predecessor-version":[{"id":218319,"href":"https:\/\/progepe.ufpr.br\/portarias\/wp-json\/wp\/v2\/posts\/179812\/revisions\/218319"}],"wp:attachment":[{"href":"https:\/\/progepe.ufpr.br\/portarias\/wp-json\/wp\/v2\/media?parent=179812"}],"wp:term":[{"taxonomy":"category","embeddable":true,"href":"https:\/\/progepe.ufpr.br\/portarias\/wp-json\/wp\/v2\/categories?post=179812"},{"taxonomy":"post_tag","embeddable":true,"href":"https:\/\/progepe.ufpr.br\/portarias\/wp-json\/wp\/v2\/tags?post=179812"}],"curies":[{"name":"wp","href":"https:\/\/api.w.org\/{rel}","templated":true}]}}