{"id":179816,"date":"2008-04-23T10:08:00","date_gmt":"2008-04-23T13:08:00","guid":{"rendered":"http:\/\/progepe.ufpr.br\/portarias\/prhae-2008-04860\/"},"modified":"2023-08-03T11:10:35","modified_gmt":"2023-08-03T14:10:35","slug":"prhae-2008-04860","status":"publish","type":"post","link":"https:\/\/progepe.ufpr.br\/portarias\/prhae-2008-04860\/","title":{"rendered":"PORTARIA N\u00ba 04860\/PRHAE, DE 23 DE ABRIL DE 2008"},"content":{"rendered":"\n<p>O Pr\u00f3-Reitor de Recursos Humanos e Assuntos Estudantis da Universidade Federal do Paran\u00e1, no uso de suas atribui\u00e7\u00f5es, tendo em vista a compet\u00eancia que lhe \u00e9 conferida pela Portaria n\u00ba 2.590, de 26 de setembro de 1997 e considerando o que consta no processo n\u00ba 24218\/07-66,<\/p>\n\n\n<p><strong>RESOLVE:<\/strong><\/p>\n\n\n<p>Conceder aposentadoria volunt\u00e1ria por idade, nos termos do Art. 40, \u00a7 1\u00b0, inciso III, al\u00ednea b, da Constitui\u00e7\u00e3o Federal, alterada pela Emenda Constitucional n\u00b0 41\/2003, combinado com o Art. 1\u00b0 \u00a7 1\u00b0 da Lei n\u00b0 10.887\/2004, \u00e0 servidora ROZALINA DE MORAES &#8211; 089737, nascida em 09 de junho de 1944, lotada no Departamento de Biologia Celular do Setor de Ci\u00eancias Biol\u00f3gicas, ocupante do cargo de Assistente de Laborat\u00f3rio, n\u00edvel de Classifica\u00e7\u00e3o C, n\u00edvel de Capacita\u00e7\u00e3o III, padr\u00e3o de Vencimento 12, no regime de 40 (quarenta) horas semanais, com proventos proporcionais ao tempo de contribui\u00e7\u00e3o, calculados sobre a m\u00e9dia das remunera\u00e7\u00f5es utilizadas como base para as contribui\u00e7\u00f5es aos regimes da previd\u00eancia.<\/p><p><\/p>\n\n\n<div style=\"height:15px\" aria-hidden=\"true\" class=\"wp-block-spacer\"><\/div>\n\n\n<div class=\"wp-block-buttons is-content-justification-right is-layout-flex wp-container-core-buttons-is-layout-1 wp-block-buttons-is-layout-flex\">\n<div class=\"wp-block-button has-custom-font-size is-style-outline has-small-font-size is-style-outline--1\"><a class=\"wp-block-button__link\" href=\"https:\/\/progepe.ufpr.br\/portarias\/wp-content\/uploads\/pcp\/PRHAE\/2008\/4860PR.pdf\" style=\"border-radius:0px\" target=\"_blank\" rel=\"noreferrer noopener\">Acesse o arquivo da portaria<\/a><\/div><\/div>\n","protected":false},"excerpt":{"rendered":"<p>Conceder aposentadoria volunt\u00e1ria por idade, nos termos do Art. 40, \u00a7 1\u00b0, inciso III, al\u00ednea b, da Constitui\u00e7\u00e3o Federal, alterada pela Emenda Constitucional n\u00b0 41\/2003, combinado com o Art. 1\u00b0 \u00a7 1\u00b0 da Lei n\u00b0 10.887\/2004, \u00e0 servidora ROZALINA DE MORAES &#8211; 089737, nascida em 09 de junho de 1944, lotada no Departamento de Biologia Celular do Setor de Ci\u00eancias Biol\u00f3gicas, ocupante do cargo de Assistente de Laborat\u00f3rio, n\u00edvel de Classifica\u00e7\u00e3o C, n\u00edvel de Capacita\u00e7\u00e3o III, padr\u00e3o de Vencimento 12, no regime de 40 (quarenta) horas semanais, com proventos proporcionais ao tempo de contribui\u00e7\u00e3o, calculados sobre a m\u00e9dia<\/p>\n","protected":false},"author":41,"featured_media":0,"comment_status":"closed","ping_status":"closed","sticky":false,"template":"wp-custom-template-emissao-entre-01-05-2004-ate-30-06-2017","format":"standard","meta":{"_acf_changed":false,"iawp_total_views":0,"footnotes":""},"categories":[232],"tags":[125],"class_list":["post-179816","post","type-post","status-publish","format-standard","hentry","category-prhae","tag-aposentadoria"],"acf":[],"_links":{"self":[{"href":"https:\/\/progepe.ufpr.br\/portarias\/wp-json\/wp\/v2\/posts\/179816","targetHints":{"allow":["GET"]}}],"collection":[{"href":"https:\/\/progepe.ufpr.br\/portarias\/wp-json\/wp\/v2\/posts"}],"about":[{"href":"https:\/\/progepe.ufpr.br\/portarias\/wp-json\/wp\/v2\/types\/post"}],"author":[{"embeddable":true,"href":"https:\/\/progepe.ufpr.br\/portarias\/wp-json\/wp\/v2\/users\/41"}],"replies":[{"embeddable":true,"href":"https:\/\/progepe.ufpr.br\/portarias\/wp-json\/wp\/v2\/comments?post=179816"}],"version-history":[{"count":1,"href":"https:\/\/progepe.ufpr.br\/portarias\/wp-json\/wp\/v2\/posts\/179816\/revisions"}],"predecessor-version":[{"id":218323,"href":"https:\/\/progepe.ufpr.br\/portarias\/wp-json\/wp\/v2\/posts\/179816\/revisions\/218323"}],"wp:attachment":[{"href":"https:\/\/progepe.ufpr.br\/portarias\/wp-json\/wp\/v2\/media?parent=179816"}],"wp:term":[{"taxonomy":"category","embeddable":true,"href":"https:\/\/progepe.ufpr.br\/portarias\/wp-json\/wp\/v2\/categories?post=179816"},{"taxonomy":"post_tag","embeddable":true,"href":"https:\/\/progepe.ufpr.br\/portarias\/wp-json\/wp\/v2\/tags?post=179816"}],"curies":[{"name":"wp","href":"https:\/\/api.w.org\/{rel}","templated":true}]}}