{"id":179832,"date":"2008-05-30T10:24:00","date_gmt":"2008-05-30T13:24:00","guid":{"rendered":"http:\/\/progepe.ufpr.br\/portarias\/prhae-2008-05518\/"},"modified":"2023-08-03T11:11:31","modified_gmt":"2023-08-03T14:11:31","slug":"prhae-2008-05518","status":"publish","type":"post","link":"https:\/\/progepe.ufpr.br\/portarias\/prhae-2008-05518\/","title":{"rendered":"PORTARIA N\u00ba 05518\/PRHAE, DE 30 DE MAIO DE 2008"},"content":{"rendered":"\n<p>O Pr\u00f3-Reitor de Recursos Humanos e Assuntos Estudantis da Universidade Federal do Paran\u00e1, no uso de suas atribui\u00e7\u00f5es, tendo em vista a compet\u00eancia que lhe \u00e9 conferida pela Portaria n\u00ba 2.590, de 26 de setembro de 1997 e considerando o que consta no processo n\u00ba 37843\/07-78,<\/p>\n\n\n<p><strong>RESOLVE:<\/strong><\/p>\n\n\n<p>Aposentar por invalidez permanente, com proventos proporcionais ao tempo de contribui\u00e7\u00e3o, calculados sobre a m\u00e9dia das remunera\u00e7\u00f5es utilizadas como base para as contribui\u00e7\u00f5es aos regimes de previd\u00eancia, nos termos do Art. 40 \u00a7 1\u00ba, inciso I, \u00a7 3\u00ba e \u00a7 18 da Emenda Constitucional n\u00ba 41\/03, a servidora IVANA CLEIDE RADUNZ LESSA &#8211; 087238, lotada no Centro de Aten\u00e7\u00e3o a Sa\u00fade &#8211; CASA 3 da Coordenadoria de Assuntos Comunit\u00e1rios, ocupante do cargo de Enfermeiro &#8211; \u00c1rea, n\u00edvel de Classifica\u00e7\u00e3o E, n\u00edvel de Capacita\u00e7\u00e3o I, padr\u00e3o de Vencimento 12, no regime de 40 (quarenta) horas semanais.<\/p><p><\/p>\n\n\n<div style=\"height:15px\" aria-hidden=\"true\" class=\"wp-block-spacer\"><\/div>\n\n\n<div class=\"wp-block-buttons is-content-justification-right is-layout-flex wp-container-core-buttons-is-layout-1 wp-block-buttons-is-layout-flex\">\n<div class=\"wp-block-button has-custom-font-size is-style-outline has-small-font-size is-style-outline--1\"><a class=\"wp-block-button__link\" href=\"https:\/\/progepe.ufpr.br\/portarias\/wp-content\/uploads\/pcp\/PRHAE\/2008\/5518PR.pdf\" style=\"border-radius:0px\" target=\"_blank\" rel=\"noreferrer noopener\">Acesse o arquivo da portaria<\/a><\/div><\/div>\n","protected":false},"excerpt":{"rendered":"<p>Aposentar por invalidez permanente, com proventos proporcionais ao tempo de contribui\u00e7\u00e3o, calculados sobre a m\u00e9dia das remunera\u00e7\u00f5es utilizadas como base para as contribui\u00e7\u00f5es aos regimes de previd\u00eancia, nos termos do Art. 40 \u00a7 1\u00ba, inciso I, \u00a7 3\u00ba e \u00a7 18 da Emenda Constitucional n\u00ba 41\/03, a servidora IVANA CLEIDE RADUNZ LESSA &#8211; 087238, lotada no Centro de Aten\u00e7\u00e3o a Sa\u00fade &#8211; CASA 3 da Coordenadoria de Assuntos Comunit\u00e1rios, ocupante do cargo de Enfermeiro &#8211; \u00c1rea, n\u00edvel de Classifica\u00e7\u00e3o E, n\u00edvel de Capacita\u00e7\u00e3o I, padr\u00e3o de Vencimento 12, no regime de 40 (quarenta) horas semanais.  {&#8220;height&#8221;:&#8221;15px&#8221;} <\/p>\n<div \n\n","protected":false},"author":41,"featured_media":0,"comment_status":"closed","ping_status":"closed","sticky":false,"template":"wp-custom-template-emissao-entre-01-05-2004-ate-30-06-2017","format":"standard","meta":{"_acf_changed":false,"iawp_total_views":0,"footnotes":""},"categories":[232],"tags":[125],"class_list":["post-179832","post","type-post","status-publish","format-standard","hentry","category-prhae","tag-aposentadoria"],"acf":[],"_links":{"self":[{"href":"https:\/\/progepe.ufpr.br\/portarias\/wp-json\/wp\/v2\/posts\/179832","targetHints":{"allow":["GET"]}}],"collection":[{"href":"https:\/\/progepe.ufpr.br\/portarias\/wp-json\/wp\/v2\/posts"}],"about":[{"href":"https:\/\/progepe.ufpr.br\/portarias\/wp-json\/wp\/v2\/types\/post"}],"author":[{"embeddable":true,"href":"https:\/\/progepe.ufpr.br\/portarias\/wp-json\/wp\/v2\/users\/41"}],"replies":[{"embeddable":true,"href":"https:\/\/progepe.ufpr.br\/portarias\/wp-json\/wp\/v2\/comments?post=179832"}],"version-history":[{"count":1,"href":"https:\/\/progepe.ufpr.br\/portarias\/wp-json\/wp\/v2\/posts\/179832\/revisions"}],"predecessor-version":[{"id":218339,"href":"https:\/\/progepe.ufpr.br\/portarias\/wp-json\/wp\/v2\/posts\/179832\/revisions\/218339"}],"wp:attachment":[{"href":"https:\/\/progepe.ufpr.br\/portarias\/wp-json\/wp\/v2\/media?parent=179832"}],"wp:term":[{"taxonomy":"category","embeddable":true,"href":"https:\/\/progepe.ufpr.br\/portarias\/wp-json\/wp\/v2\/categories?post=179832"},{"taxonomy":"post_tag","embeddable":true,"href":"https:\/\/progepe.ufpr.br\/portarias\/wp-json\/wp\/v2\/tags?post=179832"}],"curies":[{"name":"wp","href":"https:\/\/api.w.org\/{rel}","templated":true}]}}