{"id":179842,"date":"2008-06-16T11:08:00","date_gmt":"2008-06-16T14:08:00","guid":{"rendered":"http:\/\/progepe.ufpr.br\/portarias\/prhae-2008-05886\/"},"modified":"2023-08-03T11:12:03","modified_gmt":"2023-08-03T14:12:03","slug":"prhae-2008-05886","status":"publish","type":"post","link":"https:\/\/progepe.ufpr.br\/portarias\/prhae-2008-05886\/","title":{"rendered":"PORTARIA N\u00ba 05886\/PRHAE, DE 16 DE JUNHO DE 2008"},"content":{"rendered":"\n<p>O Pr\u00f3-Reitor de Recursos Humanos e Assuntos Estudantis da Universidade Federal do Paran\u00e1, no uso de suas atribui\u00e7\u00f5es, tendo em vista a compet\u00eancia que lhe \u00e9 conferida pela Portaria n\u00ba 2.590, de 26 de setembro de 1997 e considerando o que consta no processo n\u00ba 20387\/08-16,<\/p>\n\n\n<p><strong>RESOLVE:<\/strong><\/p>\n\n\n<p>Conceder aposentadoria volunt\u00e1ria por tempo de contribui\u00e7\u00e3o, nos termos do Art. 6\u00ba da Emenda Constitucional n\u00ba 41\/2003, \u00e0 servidora LILA DA MOTTA SOUZA &#8211; 082538, ocupante do cargo de Cozinheiro, n\u00edvel de Classifica\u00e7\u00e3o C, n\u00edvel de Capacita\u00e7\u00e3o I, padr\u00e3o de Vencimento 13, no regime de 40 (quarenta) horas semanais, lotada no Centro de Computa\u00e7\u00e3o Eletr\u00f4nica da Pr\u00f3-Reitoria de Administra\u00e7\u00e3o, com o vencimento do mencionado cargo, mais gratifica\u00e7\u00e3o adicional por tempo de servi\u00e7o, prevista no Art. 67 da Lei n\u00ba 8.112\/90, no \u00edndice de 17 (dezessete por cento), calculada sobre o vencimento b\u00e1sico, mais a vantagem pessoal Art. 5\u00ba do Decreto n\u00ba 95.689\/88, mantida conforme Senten\u00e7a Judicial &#8211; A\u00e7\u00e3o Ordin\u00e1ria n\u00ba 2002.70.00.069385-5, mais o percentual de 3,17 decorrente da Senten\u00e7a Judicial proferida em A\u00e7\u00e3o Ordin\u00e1ria n\u00ba 99.000.4048-1 da 5\u00aa Vara Federal-PR, mais a vantagem pecuni\u00e1ria individual, Lei n\u00ba 10.698\/2003, publicada no DOU de 03.07.2003.<\/p><p><\/p>\n\n\n<div style=\"height:15px\" aria-hidden=\"true\" class=\"wp-block-spacer\"><\/div>\n\n\n<div class=\"wp-block-buttons is-content-justification-right is-layout-flex wp-container-core-buttons-is-layout-1 wp-block-buttons-is-layout-flex\">\n<div class=\"wp-block-button has-custom-font-size is-style-outline has-small-font-size is-style-outline--1\"><a class=\"wp-block-button__link\" href=\"https:\/\/progepe.ufpr.br\/portarias\/wp-content\/uploads\/pcp\/PRHAE\/2008\/5886PR.pdf\" style=\"border-radius:0px\" target=\"_blank\" rel=\"noreferrer noopener\">Acesse o arquivo da portaria<\/a><\/div><\/div>\n","protected":false},"excerpt":{"rendered":"<p>Conceder aposentadoria volunt\u00e1ria por tempo de contribui\u00e7\u00e3o, nos termos do Art. 6\u00ba da Emenda Constitucional n\u00ba 41\/2003, \u00e0 servidora LILA DA MOTTA SOUZA &#8211; 082538, ocupante do cargo de Cozinheiro, n\u00edvel de Classifica\u00e7\u00e3o C, n\u00edvel de Capacita\u00e7\u00e3o I, padr\u00e3o de Vencimento 13, no regime de 40 (quarenta) horas semanais, lotada no Centro de Computa\u00e7\u00e3o Eletr\u00f4nica da Pr\u00f3-Reitoria de Administra\u00e7\u00e3o, com o vencimento do mencionado cargo, mais gratifica\u00e7\u00e3o adicional por tempo de servi\u00e7o, prevista no Art. 67 da Lei n\u00ba 8.112\/90, no \u00edndice de 17 (dezessete por cento), calculada sobre o vencimento b\u00e1sico, mais a vantagem pessoal Art. 5\u00ba<\/p>\n","protected":false},"author":41,"featured_media":0,"comment_status":"closed","ping_status":"closed","sticky":false,"template":"wp-custom-template-emissao-entre-01-05-2004-ate-30-06-2017","format":"standard","meta":{"_acf_changed":false,"iawp_total_views":0,"footnotes":""},"categories":[232],"tags":[125],"class_list":["post-179842","post","type-post","status-publish","format-standard","hentry","category-prhae","tag-aposentadoria"],"acf":[],"_links":{"self":[{"href":"https:\/\/progepe.ufpr.br\/portarias\/wp-json\/wp\/v2\/posts\/179842","targetHints":{"allow":["GET"]}}],"collection":[{"href":"https:\/\/progepe.ufpr.br\/portarias\/wp-json\/wp\/v2\/posts"}],"about":[{"href":"https:\/\/progepe.ufpr.br\/portarias\/wp-json\/wp\/v2\/types\/post"}],"author":[{"embeddable":true,"href":"https:\/\/progepe.ufpr.br\/portarias\/wp-json\/wp\/v2\/users\/41"}],"replies":[{"embeddable":true,"href":"https:\/\/progepe.ufpr.br\/portarias\/wp-json\/wp\/v2\/comments?post=179842"}],"version-history":[{"count":1,"href":"https:\/\/progepe.ufpr.br\/portarias\/wp-json\/wp\/v2\/posts\/179842\/revisions"}],"predecessor-version":[{"id":218349,"href":"https:\/\/progepe.ufpr.br\/portarias\/wp-json\/wp\/v2\/posts\/179842\/revisions\/218349"}],"wp:attachment":[{"href":"https:\/\/progepe.ufpr.br\/portarias\/wp-json\/wp\/v2\/media?parent=179842"}],"wp:term":[{"taxonomy":"category","embeddable":true,"href":"https:\/\/progepe.ufpr.br\/portarias\/wp-json\/wp\/v2\/categories?post=179842"},{"taxonomy":"post_tag","embeddable":true,"href":"https:\/\/progepe.ufpr.br\/portarias\/wp-json\/wp\/v2\/tags?post=179842"}],"curies":[{"name":"wp","href":"https:\/\/api.w.org\/{rel}","templated":true}]}}