{"id":179857,"date":"2008-06-24T10:16:00","date_gmt":"2008-06-24T13:16:00","guid":{"rendered":"http:\/\/progepe.ufpr.br\/portarias\/prhae-2008-06008\/"},"modified":"2023-08-03T11:12:12","modified_gmt":"2023-08-03T14:12:12","slug":"prhae-2008-06008","status":"publish","type":"post","link":"https:\/\/progepe.ufpr.br\/portarias\/prhae-2008-06008\/","title":{"rendered":"PORTARIA N\u00ba 06008\/PRHAE, DE 24 DE JUNHO DE 2008"},"content":{"rendered":"\n<p>O Pr\u00f3-Reitor de Recursos Humanos e Assuntos Estudantis da Universidade Federal do Paran\u00e1, no uso de suas atribui\u00e7\u00f5es, tendo em vista a compet\u00eancia que lhe \u00e9 conferida pela Portaria n\u00ba 2.590, de 26 de setembro de 1997 e considerando o que consta no processo n\u00ba 19125\/08-09,<\/p>\n\n\n<p><strong>RESOLVE:<\/strong><\/p>\n\n\n<p>Conceder aposentadoria volunt\u00e1ria por tempo de contribui\u00e7\u00e3o, nos termos do Art. 6\u00ba da Emenda Constitucional n\u00ba 41\/2003, \u00e0 servidora TERESINHA DA SILVA ROSA &#8211; 174068, ocupante do cargo de Secret\u00e1rio Executivo, n\u00edvel de Classifica\u00e7\u00e3o E, n\u00edvel de Capacita\u00e7\u00e3o I, padr\u00e3o de Vencimento 14, no regime de 40 (quarenta) horas semanais, lotada no Gabinete do Reitor, com o vencimento do mencionado cargo, mais a gratifica\u00e7\u00e3o adicional por tempo de servi\u00e7o, prevista no Art. 67 da Lei n\u00b0 8.112\/90, no \u00edndice de 19 (dezenove por cento), calculada sobre o vencimento b\u00e1sico, mais o percentual de 3,17 decorrente da Senten\u00e7a Judicial proferida em A\u00e7\u00e3o Ordin\u00e1ria n\u00b0 97.000.110063-4 da 3\u00aa Vara Federal de Santa Maria, mais a vantagem pessoal do Art. 62 da Lei n\u00b0 8.112\/90, origin\u00e1ria da incorpora\u00e7\u00e3o nos termos do Art. 3\u00b0 a 11\u00b0 da Lei n\u00b0 8.911\/94, Lei n\u00b0 9.527\/97 e Lei n\u00b0 9.624\/98, correspondente as fra\u00e7\u00f5es de d\u00e9cimos equivalentes a 6\/10 (seis d\u00e9cimos) da fun\u00e7\u00e3o gratificada, c\u00f3digo FG-02, mais 4\/10 (quatro d\u00e9cimos) da fun\u00e7\u00e3o gratificada, c\u00f3digo FG-03, mais o vencimento b\u00e1sico complementar, Art. 15, Lei n\u00b0 11.091\/05.<\/p><p><\/p>\n\n\n<div style=\"height:15px\" aria-hidden=\"true\" class=\"wp-block-spacer\"><\/div>\n\n\n<div class=\"wp-block-buttons is-content-justification-right is-layout-flex wp-container-core-buttons-is-layout-1 wp-block-buttons-is-layout-flex\">\n<div class=\"wp-block-button has-custom-font-size is-style-outline has-small-font-size is-style-outline--1\"><a class=\"wp-block-button__link\" href=\"https:\/\/progepe.ufpr.br\/portarias\/wp-content\/uploads\/pcp\/PRHAE\/2008\/6008PR.pdf\" style=\"border-radius:0px\" target=\"_blank\" rel=\"noreferrer noopener\">Acesse o arquivo da portaria<\/a><\/div><\/div>\n","protected":false},"excerpt":{"rendered":"<p>Conceder aposentadoria volunt\u00e1ria por tempo de contribui\u00e7\u00e3o, nos termos do Art. 6\u00ba da Emenda Constitucional n\u00ba 41\/2003, \u00e0 servidora TERESINHA DA SILVA ROSA &#8211; 174068, ocupante do cargo de Secret\u00e1rio Executivo, n\u00edvel de Classifica\u00e7\u00e3o E, n\u00edvel de Capacita\u00e7\u00e3o I, padr\u00e3o de Vencimento 14, no regime de 40 (quarenta) horas semanais, lotada no Gabinete do Reitor, com o vencimento do mencionado cargo, mais a gratifica\u00e7\u00e3o adicional por tempo de servi\u00e7o, prevista no Art. 67 da Lei n\u00b0 8.112\/90, no \u00edndice de 19 (dezenove por cento), calculada sobre o vencimento b\u00e1sico, mais o percentual de 3,17 decorrente da Senten\u00e7a Judicial<\/p>\n","protected":false},"author":41,"featured_media":0,"comment_status":"closed","ping_status":"closed","sticky":false,"template":"wp-custom-template-emissao-entre-01-05-2004-ate-30-06-2017","format":"standard","meta":{"_acf_changed":false,"iawp_total_views":0,"footnotes":""},"categories":[232],"tags":[125],"class_list":["post-179857","post","type-post","status-publish","format-standard","hentry","category-prhae","tag-aposentadoria"],"acf":[],"_links":{"self":[{"href":"https:\/\/progepe.ufpr.br\/portarias\/wp-json\/wp\/v2\/posts\/179857","targetHints":{"allow":["GET"]}}],"collection":[{"href":"https:\/\/progepe.ufpr.br\/portarias\/wp-json\/wp\/v2\/posts"}],"about":[{"href":"https:\/\/progepe.ufpr.br\/portarias\/wp-json\/wp\/v2\/types\/post"}],"author":[{"embeddable":true,"href":"https:\/\/progepe.ufpr.br\/portarias\/wp-json\/wp\/v2\/users\/41"}],"replies":[{"embeddable":true,"href":"https:\/\/progepe.ufpr.br\/portarias\/wp-json\/wp\/v2\/comments?post=179857"}],"version-history":[{"count":1,"href":"https:\/\/progepe.ufpr.br\/portarias\/wp-json\/wp\/v2\/posts\/179857\/revisions"}],"predecessor-version":[{"id":218364,"href":"https:\/\/progepe.ufpr.br\/portarias\/wp-json\/wp\/v2\/posts\/179857\/revisions\/218364"}],"wp:attachment":[{"href":"https:\/\/progepe.ufpr.br\/portarias\/wp-json\/wp\/v2\/media?parent=179857"}],"wp:term":[{"taxonomy":"category","embeddable":true,"href":"https:\/\/progepe.ufpr.br\/portarias\/wp-json\/wp\/v2\/categories?post=179857"},{"taxonomy":"post_tag","embeddable":true,"href":"https:\/\/progepe.ufpr.br\/portarias\/wp-json\/wp\/v2\/tags?post=179857"}],"curies":[{"name":"wp","href":"https:\/\/api.w.org\/{rel}","templated":true}]}}