{"id":179920,"date":"2008-10-24T10:16:00","date_gmt":"2008-10-24T12:16:00","guid":{"rendered":"http:\/\/progepe.ufpr.br\/portarias\/prhae-2008-07495\/"},"modified":"2023-08-03T11:14:19","modified_gmt":"2023-08-03T14:14:19","slug":"prhae-2008-07495","status":"publish","type":"post","link":"https:\/\/progepe.ufpr.br\/portarias\/prhae-2008-07495\/","title":{"rendered":"PORTARIA N\u00ba 07495\/PRHAE, DE 24 DE OUTUBRO DE 2008"},"content":{"rendered":"\n<p>O Pr\u00f3-Reitor de Recursos Humanos e Assuntos Estudantis da Universidade Federal do Paran\u00e1, no uso de suas atribui\u00e7\u00f5es, tendo em vista a compet\u00eancia que lhe \u00e9 conferida pela Portaria n\u00ba 2.590, de 26 de setembro de 1997 e considerando o que consta no processo n\u00ba 42179\/08-60,<\/p>\n\n\n<p><strong>RESOLVE:<\/strong><\/p>\n\n\n<p>Conceder Aposentadoria Volunt\u00e1ria por Tempo de Contribui\u00e7\u00e3o, nos termos do art. 6\u00ba da Emenda Constitucional n\u00ba 41 de 31.12.03, \u00e0 servidora HELENA ABREU DA SILVA PORTO \u2013 126578, ocupante do cargo de Auxiliar de Enfermagem, n\u00edvel de classifica\u00e7\u00e3o C, n\u00edvel de Capacita\u00e7\u00e3o III e padr\u00e3o de Vencimento 10, no regime de 40 (quarenta) horas semanais, lotada no Hospital de Cl\u00ednicas, com o vencimento do mencionado cargo, mais a Gratifica\u00e7\u00e3o Adicional por Tempo de Servi\u00e7o, prevista no Art. 67da Lei n\u00ba 8.112\/90, no \u00edndice de 11 (onze por cento), mais o percentual de 3,17 decorrente da Senten\u00e7a Judicial proferida em A\u00e7\u00e3o Ordin\u00e1ria 99.00.5007-0 da 5\u00aa Vara Federal\/PR, Vencimento B\u00e1sico Complementar, art.<\/p><p> 15 da Lei n\u00ba 11.091\/05, incentivo \u00e0 Qualifica\u00e7\u00e3o, Decreto n\u00ba 5.824\/06.<\/p><p><\/p>\n\n\n<div style=\"height:15px\" aria-hidden=\"true\" class=\"wp-block-spacer\"><\/div>\n\n\n<div class=\"wp-block-buttons is-content-justification-right is-layout-flex wp-container-core-buttons-is-layout-1 wp-block-buttons-is-layout-flex\">\n<div class=\"wp-block-button has-custom-font-size is-style-outline has-small-font-size is-style-outline--1\"><a class=\"wp-block-button__link\" href=\"https:\/\/progepe.ufpr.br\/portarias\/wp-content\/uploads\/pcp\/PRHAE\/2008\/7495PR.pdf\" style=\"border-radius:0px\" target=\"_blank\" rel=\"noreferrer noopener\">Acesse o arquivo da portaria<\/a><\/div><\/div>\n","protected":false},"excerpt":{"rendered":"<p>Conceder Aposentadoria Volunt\u00e1ria por Tempo de Contribui\u00e7\u00e3o, nos termos do art. 6\u00ba da Emenda Constitucional n\u00ba 41 de 31.12.03, \u00e0 servidora HELENA ABREU DA SILVA PORTO \u2013 126578, ocupante do cargo de Auxiliar de Enfermagem, n\u00edvel de classifica\u00e7\u00e3o C, n\u00edvel de Capacita\u00e7\u00e3o III e padr\u00e3o de Vencimento 10, no regime de 40 (quarenta) horas semanais, lotada no Hospital de Cl\u00ednicas, com o vencimento do mencionado cargo, mais a Gratifica\u00e7\u00e3o Adicional por Tempo de Servi\u00e7o, prevista no Art. 67da Lei n\u00ba 8.112\/90, no \u00edndice de 11 (onze por cento), mais o percentual de 3,17 decorrente da Senten\u00e7a Judicial proferida<\/p>\n","protected":false},"author":41,"featured_media":0,"comment_status":"closed","ping_status":"closed","sticky":false,"template":"wp-custom-template-emissao-entre-01-05-2004-ate-30-06-2017","format":"standard","meta":{"_acf_changed":false,"iawp_total_views":0,"footnotes":""},"categories":[232],"tags":[125],"class_list":["post-179920","post","type-post","status-publish","format-standard","hentry","category-prhae","tag-aposentadoria"],"acf":[],"_links":{"self":[{"href":"https:\/\/progepe.ufpr.br\/portarias\/wp-json\/wp\/v2\/posts\/179920","targetHints":{"allow":["GET"]}}],"collection":[{"href":"https:\/\/progepe.ufpr.br\/portarias\/wp-json\/wp\/v2\/posts"}],"about":[{"href":"https:\/\/progepe.ufpr.br\/portarias\/wp-json\/wp\/v2\/types\/post"}],"author":[{"embeddable":true,"href":"https:\/\/progepe.ufpr.br\/portarias\/wp-json\/wp\/v2\/users\/41"}],"replies":[{"embeddable":true,"href":"https:\/\/progepe.ufpr.br\/portarias\/wp-json\/wp\/v2\/comments?post=179920"}],"version-history":[{"count":1,"href":"https:\/\/progepe.ufpr.br\/portarias\/wp-json\/wp\/v2\/posts\/179920\/revisions"}],"predecessor-version":[{"id":218427,"href":"https:\/\/progepe.ufpr.br\/portarias\/wp-json\/wp\/v2\/posts\/179920\/revisions\/218427"}],"wp:attachment":[{"href":"https:\/\/progepe.ufpr.br\/portarias\/wp-json\/wp\/v2\/media?parent=179920"}],"wp:term":[{"taxonomy":"category","embeddable":true,"href":"https:\/\/progepe.ufpr.br\/portarias\/wp-json\/wp\/v2\/categories?post=179920"},{"taxonomy":"post_tag","embeddable":true,"href":"https:\/\/progepe.ufpr.br\/portarias\/wp-json\/wp\/v2\/tags?post=179920"}],"curies":[{"name":"wp","href":"https:\/\/api.w.org\/{rel}","templated":true}]}}