{"id":179938,"date":"2008-01-29T10:03:00","date_gmt":"2008-01-29T12:03:00","guid":{"rendered":"http:\/\/progepe.ufpr.br\/portarias\/prhae-2008-04035\/"},"modified":"2023-08-03T11:09:26","modified_gmt":"2023-08-03T14:09:26","slug":"prhae-2008-04035","status":"publish","type":"post","link":"https:\/\/progepe.ufpr.br\/portarias\/prhae-2008-04035\/","title":{"rendered":"PORTARIA N\u00ba 04035\/PRHAE, DE 29 DE JANEIRO DE 2008"},"content":{"rendered":"\n<p>O Pr\u00f3-Reitor de Recursos Humanos e Assuntos Estudantis da Universidade Federal do Paran\u00e1, em exerc\u00edcio, no uso de suas atribui\u00e7\u00f5es, tendo em vista a compet\u00eancia que lhe \u00e9 conferida pela Portaria n\u00ba 2.590, de 26 de setembro de 1997 e considerando o que consta no artigo 103, inciso V da Lei n\u00ba 8.112\/90 e ainda o contido no processo n\u00ba 37261\/07-91,<\/p>\n\n\n<p><strong>RESOLVE:<\/strong><\/p>\n\n\n<p>Averbar, a partir de 25 de setembro de 2007, para fins de aposentadoria e disponibilidade, o tempo de servi\u00e7o prestado a Instituto de Sa\u00fade do Paran\u00e1, no per\u00edodo de 15.05.1989 a 20.12.1989, no total de 220 (duzentos e vinte) dias; Prefeitura Municipal de Curitiba, no per\u00edodo de 07.07.1986 a 03.09.1986, no total de 59 (cinq\u00fcenta e nove) dias; e, Cia. Brasileira de Seguros Gerais, no per\u00edodo de 01.08.1962 a 30.06.1967, no total de 1.795 (hum mil, setecentos e noventa e cinco) dias, em favor da servidora MARILENE MAITTO MACIEL &#8211; 146510, ocupante do cargo de Auxiliar de Enfermagem, lotada no Hospital de Cl\u00ednicas.<\/p><p><\/p>\n\n\n<div style=\"height:15px\" aria-hidden=\"true\" class=\"wp-block-spacer\"><\/div>\n\n\n<div class=\"wp-block-buttons is-content-justification-right is-layout-flex wp-container-core-buttons-is-layout-1 wp-block-buttons-is-layout-flex\">\n<div class=\"wp-block-button has-custom-font-size is-style-outline has-small-font-size is-style-outline--1\"><a class=\"wp-block-button__link\" href=\"https:\/\/progepe.ufpr.br\/portarias\/wp-content\/uploads\/pcp\/PRHAE\/2008\/4035PR.pdf\" style=\"border-radius:0px\" target=\"_blank\" rel=\"noreferrer noopener\">Acesse o arquivo da portaria<\/a><\/div><\/div>\n","protected":false},"excerpt":{"rendered":"<p>Averbar, a partir de 25 de setembro de 2007, para fins de aposentadoria e disponibilidade, o tempo de servi\u00e7o prestado a Instituto de Sa\u00fade do Paran\u00e1, no per\u00edodo de 15.05.1989 a 20.12.1989, no total de 220 (duzentos e vinte) dias; Prefeitura Municipal de Curitiba, no per\u00edodo de 07.07.1986 a 03.09.1986, no total de 59 (cinq\u00fcenta e nove) dias; e, Cia. Brasileira de Seguros Gerais, no per\u00edodo de 01.08.1962 a 30.06.1967, no total de 1.795 (hum mil, setecentos e noventa e cinco) dias, em favor da servidora MARILENE MAITTO MACIEL &#8211; 146510, ocupante do cargo de Auxiliar de Enfermagem,<\/p>\n","protected":false},"author":41,"featured_media":0,"comment_status":"closed","ping_status":"closed","sticky":false,"template":"wp-custom-template-emissao-entre-01-05-2004-ate-30-06-2017","format":"standard","meta":{"_acf_changed":false,"iawp_total_views":0,"footnotes":""},"categories":[232],"tags":[140],"class_list":["post-179938","post","type-post","status-publish","format-standard","hentry","category-prhae","tag-averbacao-desaverbacao"],"acf":[],"_links":{"self":[{"href":"https:\/\/progepe.ufpr.br\/portarias\/wp-json\/wp\/v2\/posts\/179938","targetHints":{"allow":["GET"]}}],"collection":[{"href":"https:\/\/progepe.ufpr.br\/portarias\/wp-json\/wp\/v2\/posts"}],"about":[{"href":"https:\/\/progepe.ufpr.br\/portarias\/wp-json\/wp\/v2\/types\/post"}],"author":[{"embeddable":true,"href":"https:\/\/progepe.ufpr.br\/portarias\/wp-json\/wp\/v2\/users\/41"}],"replies":[{"embeddable":true,"href":"https:\/\/progepe.ufpr.br\/portarias\/wp-json\/wp\/v2\/comments?post=179938"}],"version-history":[{"count":1,"href":"https:\/\/progepe.ufpr.br\/portarias\/wp-json\/wp\/v2\/posts\/179938\/revisions"}],"predecessor-version":[{"id":218445,"href":"https:\/\/progepe.ufpr.br\/portarias\/wp-json\/wp\/v2\/posts\/179938\/revisions\/218445"}],"wp:attachment":[{"href":"https:\/\/progepe.ufpr.br\/portarias\/wp-json\/wp\/v2\/media?parent=179938"}],"wp:term":[{"taxonomy":"category","embeddable":true,"href":"https:\/\/progepe.ufpr.br\/portarias\/wp-json\/wp\/v2\/categories?post=179938"},{"taxonomy":"post_tag","embeddable":true,"href":"https:\/\/progepe.ufpr.br\/portarias\/wp-json\/wp\/v2\/tags?post=179938"}],"curies":[{"name":"wp","href":"https:\/\/api.w.org\/{rel}","templated":true}]}}