{"id":180127,"date":"2008-04-15T10:05:00","date_gmt":"2008-04-15T13:05:00","guid":{"rendered":"http:\/\/progepe.ufpr.br\/portarias\/prhae-2008-04732\/"},"modified":"2023-08-03T11:10:24","modified_gmt":"2023-08-03T14:10:24","slug":"prhae-2008-04732","status":"publish","type":"post","link":"https:\/\/progepe.ufpr.br\/portarias\/prhae-2008-04732\/","title":{"rendered":"PORTARIA N\u00ba 04732\/PRHAE, DE 15 DE ABRIL DE 2008"},"content":{"rendered":"\n<p>O Pr\u00f3-Reitor de Recursos Humanos e Assuntos Estudantis da Universidade Federal do Paran\u00e1, no uso de suas atribui\u00e7\u00f5es, tendo em vista a compet\u00eancia que lhe \u00e9 conferida pela Portaria n\u00ba 2.590, de 26 de setembro de 1997 e considerando o que consta no artigo 103, inciso V da Lei n\u00ba 8.112\/90 e ainda o contido no processo n\u00ba 1271\/08-70,<\/p>\n\n\n<p><strong>RESOLVE:<\/strong><\/p>\n\n\n<p>I. Averbar, a partir de 23 de janeiro de 2008, para fins de aposentadoria especial e disponibilidade, o tempo de servi\u00e7o prestado a Prefeitura Municipal de Fl\u00f3rida, no per\u00edodo de 22.02.1968 a 03.02.1972, no total de 1.443 (hum mil, quatrocentos e quarenta e tr\u00eas) dias, em favor da servidora ESTER BARBOSA GOUVEIA &#8211; 102504, ocupante do cargo Recepcionista, lotada no Centro de Aten\u00e7\u00e3o a Sa\u00fade &#8211; CASA 3 da Coordenadoria de Assuntos Comunit\u00e1rios.<\/p><p> II. Averbar, a partir da mesma data, para fins de aposentadoria e disponibilidade, o tempo de servi\u00e7o prestado a Rosyne Tecidos e Confec\u00e7\u00f5es Ltda., no per\u00edodo de 01.04.1974 a 30.10.1974, no total de 213 (duzentos e treze) dias; S. A. Maffessoni Com. e Ind., no per\u00edodo de 01.06.1980 a 14.09.1980, no total de 106 (cento e seis) dias; Joaquim Oliveira S. A. Com. e Ind., no per\u00edodo de 25.09.1980 a 04.03.1981, no total de 161 (cento e sessenta e um) dias; Arthur Lundgren Tecidos S. A., no per\u00edodo de 01.02.1982 a 17.01.1984, no total de 716 (setecentos e dezesseis) dias; Arthur Lundgren Tecidos S. A., no per\u00edodo de 01.02.1984 a 06.06.1984, no total de 127 (cento e vinte e sete) dias; e, Prosd\u00f3cimo S. A., no per\u00edodo de 21.05.1985 a 02.10.1989, no total de 1.596 (hum mil, quinhentos e noventa e seis) dias, \u00e0 referida servidora.<\/p><p><\/p>\n\n\n<div style=\"height:15px\" aria-hidden=\"true\" class=\"wp-block-spacer\"><\/div>\n\n\n<div class=\"wp-block-buttons is-content-justification-right is-layout-flex wp-container-core-buttons-is-layout-1 wp-block-buttons-is-layout-flex\">\n<div class=\"wp-block-button has-custom-font-size is-style-outline has-small-font-size is-style-outline--1\"><a class=\"wp-block-button__link\" href=\"https:\/\/progepe.ufpr.br\/portarias\/wp-content\/uploads\/pcp\/PRHAE\/2008\/4732PR.pdf\" style=\"border-radius:0px\" target=\"_blank\" rel=\"noreferrer noopener\">Acesse o arquivo da portaria<\/a><\/div><\/div>\n","protected":false},"excerpt":{"rendered":"<p>I. Averbar, a partir de 23 de janeiro de 2008, para fins de aposentadoria especial e disponibilidade, o tempo de servi\u00e7o prestado a Prefeitura Municipal de Fl\u00f3rida, no per\u00edodo de 22.02.1968 a 03.02.1972, no total de 1.443 (hum mil, quatrocentos e quarenta e tr\u00eas) dias, em favor da servidora ESTER BARBOSA GOUVEIA &#8211; 102504, ocupante do cargo Recepcionista, lotada no Centro de Aten\u00e7\u00e3o a Sa\u00fade &#8211; CASA 3 da Coordenadoria de Assuntos Comunit\u00e1rios. II. Averbar, a partir da mesma data, para fins de aposentadoria e disponibilidade, o tempo de servi\u00e7o prestado a Rosyne Tecidos e Confec\u00e7\u00f5es Ltda., no<\/p>\n","protected":false},"author":41,"featured_media":0,"comment_status":"closed","ping_status":"closed","sticky":false,"template":"wp-custom-template-emissao-entre-01-05-2004-ate-30-06-2017","format":"standard","meta":{"_acf_changed":false,"iawp_total_views":0,"footnotes":""},"categories":[232],"tags":[140],"class_list":["post-180127","post","type-post","status-publish","format-standard","hentry","category-prhae","tag-averbacao-desaverbacao"],"acf":[],"_links":{"self":[{"href":"https:\/\/progepe.ufpr.br\/portarias\/wp-json\/wp\/v2\/posts\/180127","targetHints":{"allow":["GET"]}}],"collection":[{"href":"https:\/\/progepe.ufpr.br\/portarias\/wp-json\/wp\/v2\/posts"}],"about":[{"href":"https:\/\/progepe.ufpr.br\/portarias\/wp-json\/wp\/v2\/types\/post"}],"author":[{"embeddable":true,"href":"https:\/\/progepe.ufpr.br\/portarias\/wp-json\/wp\/v2\/users\/41"}],"replies":[{"embeddable":true,"href":"https:\/\/progepe.ufpr.br\/portarias\/wp-json\/wp\/v2\/comments?post=180127"}],"version-history":[{"count":1,"href":"https:\/\/progepe.ufpr.br\/portarias\/wp-json\/wp\/v2\/posts\/180127\/revisions"}],"predecessor-version":[{"id":218633,"href":"https:\/\/progepe.ufpr.br\/portarias\/wp-json\/wp\/v2\/posts\/180127\/revisions\/218633"}],"wp:attachment":[{"href":"https:\/\/progepe.ufpr.br\/portarias\/wp-json\/wp\/v2\/media?parent=180127"}],"wp:term":[{"taxonomy":"category","embeddable":true,"href":"https:\/\/progepe.ufpr.br\/portarias\/wp-json\/wp\/v2\/categories?post=180127"},{"taxonomy":"post_tag","embeddable":true,"href":"https:\/\/progepe.ufpr.br\/portarias\/wp-json\/wp\/v2\/tags?post=180127"}],"curies":[{"name":"wp","href":"https:\/\/api.w.org\/{rel}","templated":true}]}}