{"id":180128,"date":"2008-04-15T10:06:00","date_gmt":"2008-04-15T13:06:00","guid":{"rendered":"http:\/\/progepe.ufpr.br\/portarias\/prhae-2008-04733\/"},"modified":"2023-08-03T11:10:24","modified_gmt":"2023-08-03T14:10:24","slug":"prhae-2008-04733","status":"publish","type":"post","link":"https:\/\/progepe.ufpr.br\/portarias\/prhae-2008-04733\/","title":{"rendered":"PORTARIA N\u00ba 04733\/PRHAE, DE 15 DE ABRIL DE 2008"},"content":{"rendered":"\n<p>O Pr\u00f3-Reitor de Recursos Humanos e Assuntos Estudantis da Universidade Federal do Paran\u00e1, no uso de suas atribui\u00e7\u00f5es, tendo em vista a compet\u00eancia que lhe \u00e9 conferida pela Portaria n\u00ba 2.590, de 26 de setembro de 1997 e considerando o que consta no artigo 103, inciso V da Lei n\u00ba 8.112\/90 e ainda o contido no processo n\u00ba 3615\/08-85,<\/p>\n\n\n<p><strong>RESOLVE:<\/strong><\/p>\n\n\n<p>Averbar, a partir de 13 de fevereiro de 2008, para fins de aposentadoria e disponibilidade, o tempo de servi\u00e7o prestado a P\u00e3o Real Ltda., no per\u00edodo de 15.05.1979 a 08.06.1979, no total de 24 (vinte e quatro) dias; Supermercados Real S. A., no per\u00edodo de 10.07.1979 a 31.12.1979, no total de 175 (cento e setenta e cinco) dias; Hospital de Neuro Psiquiatria do Paran\u00e1 Ltda., no per\u00edodo de 13.11.1980 a 30.07.1982, no total de 625 (seiscentos e vinte e cinco) dias; Paran\u00e1 &#8211; Secretaria de Estado da Justi\u00e7a, no per\u00edodo de 25.01.1984 a 02.01.1989, no total de 1.805 (hum mil, oitocentos e cinco) dias; Piraquara Tabelionato e Of\u00edcio de Protesto de T\u00edtulos, no per\u00edodo de 04.03.1991 a 28.07.1991, no total de 147 (cento e quarenta e sete) dias; e, F da UF do PPOD da Ci\u00eancia, Tecnologia e da Cultura, no per\u00edodo de 18.07.1994 a 13.02.1995, no total de 211 (duzentos e onze) dias, em favor da servidora NILZA APARECIDA BARROS CARNEIRO &#8211; 133400, ocupante do cargo de Assistente de Laborat\u00f3rio, lotada no Museu de Arqueologia e Etnologia de Paranagu\u00e1 da Pr\u00f3-Reitoria de Extens\u00e3o e Cultura.<\/p><p><\/p>\n\n\n<div style=\"height:15px\" aria-hidden=\"true\" class=\"wp-block-spacer\"><\/div>\n\n\n<div class=\"wp-block-buttons is-content-justification-right is-layout-flex wp-container-core-buttons-is-layout-1 wp-block-buttons-is-layout-flex\">\n<div class=\"wp-block-button has-custom-font-size is-style-outline has-small-font-size is-style-outline--1\"><a class=\"wp-block-button__link\" href=\"https:\/\/progepe.ufpr.br\/portarias\/wp-content\/uploads\/pcp\/PRHAE\/2008\/4733PR.pdf\" style=\"border-radius:0px\" target=\"_blank\" rel=\"noreferrer noopener\">Acesse o arquivo da portaria<\/a><\/div><\/div>\n","protected":false},"excerpt":{"rendered":"<p>Averbar, a partir de 13 de fevereiro de 2008, para fins de aposentadoria e disponibilidade, o tempo de servi\u00e7o prestado a P\u00e3o Real Ltda., no per\u00edodo de 15.05.1979 a 08.06.1979, no total de 24 (vinte e quatro) dias; Supermercados Real S. A., no per\u00edodo de 10.07.1979 a 31.12.1979, no total de 175 (cento e setenta e cinco) dias; Hospital de Neuro Psiquiatria do Paran\u00e1 Ltda., no per\u00edodo de 13.11.1980 a 30.07.1982, no total de 625 (seiscentos e vinte e cinco) dias; Paran\u00e1 &#8211; Secretaria de Estado da Justi\u00e7a, no per\u00edodo de 25.01.1984 a 02.01.1989, no total de 1.805<\/p>\n","protected":false},"author":41,"featured_media":0,"comment_status":"closed","ping_status":"closed","sticky":false,"template":"wp-custom-template-emissao-entre-01-05-2004-ate-30-06-2017","format":"standard","meta":{"_acf_changed":false,"iawp_total_views":0,"footnotes":""},"categories":[232],"tags":[140],"class_list":["post-180128","post","type-post","status-publish","format-standard","hentry","category-prhae","tag-averbacao-desaverbacao"],"acf":[],"_links":{"self":[{"href":"https:\/\/progepe.ufpr.br\/portarias\/wp-json\/wp\/v2\/posts\/180128","targetHints":{"allow":["GET"]}}],"collection":[{"href":"https:\/\/progepe.ufpr.br\/portarias\/wp-json\/wp\/v2\/posts"}],"about":[{"href":"https:\/\/progepe.ufpr.br\/portarias\/wp-json\/wp\/v2\/types\/post"}],"author":[{"embeddable":true,"href":"https:\/\/progepe.ufpr.br\/portarias\/wp-json\/wp\/v2\/users\/41"}],"replies":[{"embeddable":true,"href":"https:\/\/progepe.ufpr.br\/portarias\/wp-json\/wp\/v2\/comments?post=180128"}],"version-history":[{"count":1,"href":"https:\/\/progepe.ufpr.br\/portarias\/wp-json\/wp\/v2\/posts\/180128\/revisions"}],"predecessor-version":[{"id":218634,"href":"https:\/\/progepe.ufpr.br\/portarias\/wp-json\/wp\/v2\/posts\/180128\/revisions\/218634"}],"wp:attachment":[{"href":"https:\/\/progepe.ufpr.br\/portarias\/wp-json\/wp\/v2\/media?parent=180128"}],"wp:term":[{"taxonomy":"category","embeddable":true,"href":"https:\/\/progepe.ufpr.br\/portarias\/wp-json\/wp\/v2\/categories?post=180128"},{"taxonomy":"post_tag","embeddable":true,"href":"https:\/\/progepe.ufpr.br\/portarias\/wp-json\/wp\/v2\/tags?post=180128"}],"curies":[{"name":"wp","href":"https:\/\/api.w.org\/{rel}","templated":true}]}}