{"id":180129,"date":"2008-04-15T10:07:00","date_gmt":"2008-04-15T13:07:00","guid":{"rendered":"http:\/\/progepe.ufpr.br\/portarias\/prhae-2008-04734\/"},"modified":"2023-08-03T11:10:24","modified_gmt":"2023-08-03T14:10:24","slug":"prhae-2008-04734","status":"publish","type":"post","link":"https:\/\/progepe.ufpr.br\/portarias\/prhae-2008-04734\/","title":{"rendered":"PORTARIA N\u00ba 04734\/PRHAE, DE 15 DE ABRIL DE 2008"},"content":{"rendered":"\n<p>O Pr\u00f3-Reitor de Recursos Humanos e Assuntos Estudantis da Universidade Federal do Paran\u00e1, no uso de suas atribui\u00e7\u00f5es, tendo em vista a compet\u00eancia que lhe \u00e9 conferida pela Portaria n\u00ba 2.590, de 26 de setembro de 1997 e considerando o que consta no artigo 103, inciso V da Lei n\u00ba 8.112\/90 e ainda o contido no processo n\u00ba 6990\/08-87,<\/p>\n\n\n<p><strong>RESOLVE:<\/strong><\/p>\n\n\n<p>Averbar, a partir de 29 de fevereiro de 2008, para fins de aposentadoria e disponibilidade, o tempo de servi\u00e7o prestado a Inst. de Geriatria e Geront. do Paran\u00e1 Dr. R. Camargo S. C. Ltda.; no per\u00edodo de 02.05.1988 a 05.10.1988, no total de 157 (cento e cinq\u00fcenta e sete) dias; Sociedade Evang\u00e9lica Beneficente de Curitiba, no per\u00edodo de 06.10.1988 a 07.02.1990, no total de 490 (quatrocentos e noventa) dias; e, F da UF do PPOD da Ci\u00eancia, Tecnologia e da Cultura, no per\u00edodo de 08.02.1990 a 06.12.1994, no total de 1.763 (hum mil, setecentos e sessenta e tr\u00eas) dias, em favor da servidora HELENA FAVERO &#8211; 129410, ocupante do cargo de Auxiliar de Enfermagem, lotada no Hospital de Cl\u00ednicas.<\/p><p><\/p>\n\n\n<div style=\"height:15px\" aria-hidden=\"true\" class=\"wp-block-spacer\"><\/div>\n\n\n<div class=\"wp-block-buttons is-content-justification-right is-layout-flex wp-container-core-buttons-is-layout-1 wp-block-buttons-is-layout-flex\">\n<div class=\"wp-block-button has-custom-font-size is-style-outline has-small-font-size is-style-outline--1\"><a class=\"wp-block-button__link\" href=\"https:\/\/progepe.ufpr.br\/portarias\/wp-content\/uploads\/pcp\/PRHAE\/2008\/4734PR.pdf\" style=\"border-radius:0px\" target=\"_blank\" rel=\"noreferrer noopener\">Acesse o arquivo da portaria<\/a><\/div><\/div>\n","protected":false},"excerpt":{"rendered":"<p>Averbar, a partir de 29 de fevereiro de 2008, para fins de aposentadoria e disponibilidade, o tempo de servi\u00e7o prestado a Inst. de Geriatria e Geront. do Paran\u00e1 Dr. R. Camargo S. C. Ltda.; no per\u00edodo de 02.05.1988 a 05.10.1988, no total de 157 (cento e cinq\u00fcenta e sete) dias; Sociedade Evang\u00e9lica Beneficente de Curitiba, no per\u00edodo de 06.10.1988 a 07.02.1990, no total de 490 (quatrocentos e noventa) dias; e, F da UF do PPOD da Ci\u00eancia, Tecnologia e da Cultura, no per\u00edodo de 08.02.1990 a 06.12.1994, no total de 1.763 (hum mil, setecentos e sessenta e tr\u00eas)<\/p>\n","protected":false},"author":41,"featured_media":0,"comment_status":"closed","ping_status":"closed","sticky":false,"template":"wp-custom-template-emissao-entre-01-05-2004-ate-30-06-2017","format":"standard","meta":{"_acf_changed":false,"iawp_total_views":0,"footnotes":""},"categories":[232],"tags":[140],"class_list":["post-180129","post","type-post","status-publish","format-standard","hentry","category-prhae","tag-averbacao-desaverbacao"],"acf":[],"_links":{"self":[{"href":"https:\/\/progepe.ufpr.br\/portarias\/wp-json\/wp\/v2\/posts\/180129","targetHints":{"allow":["GET"]}}],"collection":[{"href":"https:\/\/progepe.ufpr.br\/portarias\/wp-json\/wp\/v2\/posts"}],"about":[{"href":"https:\/\/progepe.ufpr.br\/portarias\/wp-json\/wp\/v2\/types\/post"}],"author":[{"embeddable":true,"href":"https:\/\/progepe.ufpr.br\/portarias\/wp-json\/wp\/v2\/users\/41"}],"replies":[{"embeddable":true,"href":"https:\/\/progepe.ufpr.br\/portarias\/wp-json\/wp\/v2\/comments?post=180129"}],"version-history":[{"count":1,"href":"https:\/\/progepe.ufpr.br\/portarias\/wp-json\/wp\/v2\/posts\/180129\/revisions"}],"predecessor-version":[{"id":218635,"href":"https:\/\/progepe.ufpr.br\/portarias\/wp-json\/wp\/v2\/posts\/180129\/revisions\/218635"}],"wp:attachment":[{"href":"https:\/\/progepe.ufpr.br\/portarias\/wp-json\/wp\/v2\/media?parent=180129"}],"wp:term":[{"taxonomy":"category","embeddable":true,"href":"https:\/\/progepe.ufpr.br\/portarias\/wp-json\/wp\/v2\/categories?post=180129"},{"taxonomy":"post_tag","embeddable":true,"href":"https:\/\/progepe.ufpr.br\/portarias\/wp-json\/wp\/v2\/tags?post=180129"}],"curies":[{"name":"wp","href":"https:\/\/api.w.org\/{rel}","templated":true}]}}