{"id":180130,"date":"2008-04-15T10:08:00","date_gmt":"2008-04-15T13:08:00","guid":{"rendered":"http:\/\/progepe.ufpr.br\/portarias\/prhae-2008-04735\/"},"modified":"2023-08-03T11:10:24","modified_gmt":"2023-08-03T14:10:24","slug":"prhae-2008-04735","status":"publish","type":"post","link":"https:\/\/progepe.ufpr.br\/portarias\/prhae-2008-04735\/","title":{"rendered":"PORTARIA N\u00ba 04735\/PRHAE, DE 15 DE ABRIL DE 2008"},"content":{"rendered":"\n<p>O Pr\u00f3-Reitor de Recursos Humanos e Assuntos Estudantis da Universidade Federal do Paran\u00e1, no uso de suas atribui\u00e7\u00f5es, tendo em vista a compet\u00eancia que lhe \u00e9 conferida pela Portaria n\u00ba 2.590, de 26 de setembro de 1997 e considerando o que consta no artigo 103, inciso V da Lei n\u00ba 8.112\/90 e ainda o contido no processo n\u00ba 7268\/08-60,<\/p>\n\n\n<p><strong>RESOLVE:<\/strong><\/p>\n\n\n<p>Averbar, a partir de 03 de mar\u00e7o de 2008, para fins de aposentadoria e disponibilidade, o tempo de servi\u00e7o prestado ao Instituto de Gastroenterologia do Paran\u00e1 Ltda., no per\u00edodo de 20.03.1974 a 26.01.1976, no total de 678 (seiscentos e setenta e oito) dias; Laborat\u00f3rio de An\u00e1lises Cl\u00ednicas S. C., no per\u00edodo de 01.03.1976 a 29.04.1976, no total de 60 (sessenta) dias; Instituto de Endocrinologia e Doen\u00e7as Metab\u00f3licas Ltda., no per\u00edodo de 02.05.1976 a 30.12.1977, no total de 608 (seiscentos e oito) dias; Hospital Santa Cruz Ltda., no per\u00edodo de 01.03.1978 a 01.07.1978, no total de 123 (cento e vinte e tr\u00eas) dias; Construtora Alc\u00e2ntara S. A., no per\u00edodo de 19.09.1978 a 14.12.1979, no total de 452 (quatrocentos e cinq\u00fcenta e dois) dias; Banco de Cr\u00e9dito COML S. A., no per\u00edodo de 17.12.1979 a 15.05.1981, no total de 516 (quinhentos e dezesseis) dias; Funda\u00e7\u00e3o da Universidade Federal do Paran\u00e1, no per\u00edodo de 01.09.1981 a 25.01.1995, no total de 4.895 (quatro mil, oitocentos e noventa e cinco) dias; e, Centro de Patologia de Curitiba, no per\u00edodo de 03.07.1995 a 30.11.1995, no total de 151 (cento e cinq\u00fcenta e um) dias, em favor da servidora JANIR TERESINHA MARCHI &#8211; 131296, ocupante do cargo de T\u00e9cnico de Laborat\u00f3rio &#8211; \u00c1rea, lotada no Hospital de Cl\u00ednicas.<\/p><p><\/p>\n\n\n<div style=\"height:15px\" aria-hidden=\"true\" class=\"wp-block-spacer\"><\/div>\n\n\n<div class=\"wp-block-buttons is-content-justification-right is-layout-flex wp-container-core-buttons-is-layout-1 wp-block-buttons-is-layout-flex\">\n<div class=\"wp-block-button has-custom-font-size is-style-outline has-small-font-size is-style-outline--1\"><a class=\"wp-block-button__link\" href=\"https:\/\/progepe.ufpr.br\/portarias\/wp-content\/uploads\/pcp\/PRHAE\/2008\/4735PR.pdf\" style=\"border-radius:0px\" target=\"_blank\" rel=\"noreferrer noopener\">Acesse o arquivo da portaria<\/a><\/div><\/div>\n","protected":false},"excerpt":{"rendered":"<p>Averbar, a partir de 03 de mar\u00e7o de 2008, para fins de aposentadoria e disponibilidade, o tempo de servi\u00e7o prestado ao Instituto de Gastroenterologia do Paran\u00e1 Ltda., no per\u00edodo de 20.03.1974 a 26.01.1976, no total de 678 (seiscentos e setenta e oito) dias; Laborat\u00f3rio de An\u00e1lises Cl\u00ednicas S. C., no per\u00edodo de 01.03.1976 a 29.04.1976, no total de 60 (sessenta) dias; Instituto de Endocrinologia e Doen\u00e7as Metab\u00f3licas Ltda., no per\u00edodo de 02.05.1976 a 30.12.1977, no total de 608 (seiscentos e oito) dias; Hospital Santa Cruz Ltda., no per\u00edodo de 01.03.1978 a 01.07.1978, no total de 123 (cento e<\/p>\n","protected":false},"author":41,"featured_media":0,"comment_status":"closed","ping_status":"closed","sticky":false,"template":"wp-custom-template-emissao-entre-01-05-2004-ate-30-06-2017","format":"standard","meta":{"_acf_changed":false,"iawp_total_views":0,"footnotes":""},"categories":[232],"tags":[140],"class_list":["post-180130","post","type-post","status-publish","format-standard","hentry","category-prhae","tag-averbacao-desaverbacao"],"acf":[],"_links":{"self":[{"href":"https:\/\/progepe.ufpr.br\/portarias\/wp-json\/wp\/v2\/posts\/180130","targetHints":{"allow":["GET"]}}],"collection":[{"href":"https:\/\/progepe.ufpr.br\/portarias\/wp-json\/wp\/v2\/posts"}],"about":[{"href":"https:\/\/progepe.ufpr.br\/portarias\/wp-json\/wp\/v2\/types\/post"}],"author":[{"embeddable":true,"href":"https:\/\/progepe.ufpr.br\/portarias\/wp-json\/wp\/v2\/users\/41"}],"replies":[{"embeddable":true,"href":"https:\/\/progepe.ufpr.br\/portarias\/wp-json\/wp\/v2\/comments?post=180130"}],"version-history":[{"count":1,"href":"https:\/\/progepe.ufpr.br\/portarias\/wp-json\/wp\/v2\/posts\/180130\/revisions"}],"predecessor-version":[{"id":218636,"href":"https:\/\/progepe.ufpr.br\/portarias\/wp-json\/wp\/v2\/posts\/180130\/revisions\/218636"}],"wp:attachment":[{"href":"https:\/\/progepe.ufpr.br\/portarias\/wp-json\/wp\/v2\/media?parent=180130"}],"wp:term":[{"taxonomy":"category","embeddable":true,"href":"https:\/\/progepe.ufpr.br\/portarias\/wp-json\/wp\/v2\/categories?post=180130"},{"taxonomy":"post_tag","embeddable":true,"href":"https:\/\/progepe.ufpr.br\/portarias\/wp-json\/wp\/v2\/tags?post=180130"}],"curies":[{"name":"wp","href":"https:\/\/api.w.org\/{rel}","templated":true}]}}