{"id":180251,"date":"2008-05-07T10:14:00","date_gmt":"2008-05-07T13:14:00","guid":{"rendered":"http:\/\/progepe.ufpr.br\/portarias\/prhae-2008-05051\/"},"modified":"2023-10-11T16:42:55","modified_gmt":"2023-10-11T19:42:55","slug":"prhae-2008-05051","status":"publish","type":"post","link":"https:\/\/progepe.ufpr.br\/portarias\/prhae-2008-05051\/","title":{"rendered":"PORTARIA N\u00ba 05051\/PRHAE, DE 07 DE MAIO DE 2008"},"content":{"rendered":"\n<p>O Pr\u00f3-Reitor de Recursos Humanos e Assuntos Estudantis da Universidade Federal do Paran\u00e1, no uso de suas atribui\u00e7\u00f5es, tendo em vista a compet\u00eancia que lhe \u00e9 conferida pela Portaria n\u00ba 2.590, de 26 de setembro de 1997 e considerando o que consta no artigo 103, inciso V da Lei n\u00ba 8.112\/90 e ainda o contido no processo n\u00ba 3508\/08-57,<\/p>\n\n\n\n<p><strong>RESOLVE:<\/strong><\/p>\n\n\n\n<p>I. Averbar, a partir de 12 de fevereiro de 2008, para fins de aposentadoria especial e disponibilidade, o tempo de servi\u00e7o prestado a \u275a\u275a\u275a\u275a\u275a\u275a\u275a\u275a\u275a\u275a\u275a\u275a-\u275a CTPS S\u00e9rie: \u275a\u275a\u275a\u275a\u275a, no per\u00edodo de 20.08.1981 a 01.02.1982, no total de 158 (cento e cinq\u00fcenta e oito) dias; Funda\u00e7\u00e3o Universidade Estadual de Maring\u00e1, no per\u00edodo de 07.03.1983 a 20.12.1992, no total de 3.577 (tr\u00eas mil, quinhentos e setenta e sete) dias; e, Universidade Estadual de Maring\u00e1, no per\u00edodo de 21.02.1992 a 25.02.1999, no total de 2.258 (dois mil, duzentos e cinq\u00fcenta e oito) dias, em favor da Professora SANDRA SUELY SOARES BERGONSI &#8211; 158402, classe Assistente, lotada na Pr\u00f3-Reitoria de Extens\u00e3o e Cultura.<\/p>\n\n\n\n<p>II. Averbar, a partir da mesma data, para fins de aposentadoria e disponibilidade, o tempo de servi\u00e7o prestado a Funda\u00e7\u00e3o Universidade Estadual de Maring\u00e1, no per\u00edodo de 09.08.1982 a 01.01.1983, no total de 146 (cento e quarenta e seis) dias; e, Funda\u00e7\u00e3o Faculdade Municipal de Educ. Cienc. Let. de PVAI, no per\u00edodo de 01.03.1983 a 06.03.1983, no total de 06 (seis) dias, \u00e0 referida docente.<\/p>\n","protected":false},"excerpt":{"rendered":"<p>I. Averbar, a partir de 12 de fevereiro de 2008, para fins de aposentadoria especial e disponibilidade, o tempo de servi\u00e7o prestado a \u275a\u275a\u275a\u275a\u275a\u275a\u275a\u275a\u275a\u275a\u275a\u275a-\u275a CTPS S\u00e9rie: \u275a\u275a\u275a\u275a\u275a, no per\u00edodo de 20.08.1981 a 01.02.1982, no total de 158 (cento e cinq\u00fcenta e oito) dias; Funda\u00e7\u00e3o Universidade Estadual de Maring\u00e1, no per\u00edodo de 07.03.1983 a 20.12.1992, no total de 3.577 (tr\u00eas mil, quinhentos e setenta e sete) dias; e, Universidade Estadual de Maring\u00e1, no per\u00edodo de 21.02.1992 a 25.02.1999, no total de 2.258 (dois mil, duzentos e cinq\u00fcenta e oito) dias, em favor da Professora SANDRA SUELY SOARES BERGONSI &#8211;<\/p>\n","protected":false},"author":41,"featured_media":0,"comment_status":"closed","ping_status":"closed","sticky":false,"template":"wp-custom-template-emissao-entre-01-05-2004-ate-30-06-2017","format":"standard","meta":{"_acf_changed":false,"iawp_total_views":1,"footnotes":""},"categories":[232],"tags":[140],"class_list":["post-180251","post","type-post","status-publish","format-standard","hentry","category-prhae","tag-averbacao-desaverbacao"],"acf":[],"_links":{"self":[{"href":"https:\/\/progepe.ufpr.br\/portarias\/wp-json\/wp\/v2\/posts\/180251","targetHints":{"allow":["GET"]}}],"collection":[{"href":"https:\/\/progepe.ufpr.br\/portarias\/wp-json\/wp\/v2\/posts"}],"about":[{"href":"https:\/\/progepe.ufpr.br\/portarias\/wp-json\/wp\/v2\/types\/post"}],"author":[{"embeddable":true,"href":"https:\/\/progepe.ufpr.br\/portarias\/wp-json\/wp\/v2\/users\/41"}],"replies":[{"embeddable":true,"href":"https:\/\/progepe.ufpr.br\/portarias\/wp-json\/wp\/v2\/comments?post=180251"}],"version-history":[{"count":4,"href":"https:\/\/progepe.ufpr.br\/portarias\/wp-json\/wp\/v2\/posts\/180251\/revisions"}],"predecessor-version":[{"id":253096,"href":"https:\/\/progepe.ufpr.br\/portarias\/wp-json\/wp\/v2\/posts\/180251\/revisions\/253096"}],"wp:attachment":[{"href":"https:\/\/progepe.ufpr.br\/portarias\/wp-json\/wp\/v2\/media?parent=180251"}],"wp:term":[{"taxonomy":"category","embeddable":true,"href":"https:\/\/progepe.ufpr.br\/portarias\/wp-json\/wp\/v2\/categories?post=180251"},{"taxonomy":"post_tag","embeddable":true,"href":"https:\/\/progepe.ufpr.br\/portarias\/wp-json\/wp\/v2\/tags?post=180251"}],"curies":[{"name":"wp","href":"https:\/\/api.w.org\/{rel}","templated":true}]}}