{"id":180252,"date":"2008-05-07T10:15:00","date_gmt":"2008-05-07T13:15:00","guid":{"rendered":"http:\/\/progepe.ufpr.br\/portarias\/prhae-2008-05052\/"},"modified":"2023-08-03T11:10:51","modified_gmt":"2023-08-03T14:10:51","slug":"prhae-2008-05052","status":"publish","type":"post","link":"https:\/\/progepe.ufpr.br\/portarias\/prhae-2008-05052\/","title":{"rendered":"PORTARIA N\u00ba 05052\/PRHAE, DE 07 DE MAIO DE 2008"},"content":{"rendered":"\n<p>O Pr\u00f3-Reitor de Recursos Humanos e Assuntos Estudantis da Universidade Federal do Paran\u00e1, no uso de suas atribui\u00e7\u00f5es, tendo em vista a compet\u00eancia que lhe \u00e9 conferida pela Portaria n\u00ba 2.590, de 26 de setembro de 1997 e considerando o que consta no processo n\u00ba 4693\/08-05,<\/p>\n\n\n<p><strong>RESOLVE:<\/strong><\/p>\n\n\n<p>I. Tornar sem efeito as Portarias n\u00ba 4.264\/PRHAE, de 17 de mar\u00e7o de 1992, n\u00ba 1.551\/PRHAE, de 19 de janeiro de 2007 e n\u00ba 4.293\/PRHAE, de 13 de mar\u00e7o de 2008.<\/p><p> II. Em cumprimento \u00e0 decis\u00e3o judicial exarada nos autos da A\u00e7\u00e3o Previdenci\u00e1ria n\u00b0 2006.70.00.008526-5, averbar a partir de 15 de fevereiro de 2008, para fins de aposentadoria especial e disponibilidade, o tempo de servi\u00e7o prestado \u00e0 Campanha Nacional de Escolas da Comunidade, no per\u00edodo de 01.03.1974 a 28.02.1977, no total de 1.534 (um mil, quinhentos e trinta e quatro) dias; e, Associa\u00e7\u00e3o Antonio Vieira, no per\u00edodo de 01.03.1977 a 30.01.1988, no total de 5.583 (cinco mil, quinhentos e oitenta e tr\u00eas) dias, resultantes da aplica\u00e7\u00e3o do fator de convers\u00e3o 0.4, em favor do Professor ALECIO JOSE GRZYBOWSKI &#8211; 100587, classe Assistente, lotado no Departamento de Biologia Celular do Setor de Ci\u00eancias Biol\u00f3gicas.<\/p><p><\/p>\n\n\n<div style=\"height:15px\" aria-hidden=\"true\" class=\"wp-block-spacer\"><\/div>\n\n\n<div class=\"wp-block-buttons is-content-justification-right is-layout-flex wp-container-core-buttons-is-layout-1 wp-block-buttons-is-layout-flex\">\n<div class=\"wp-block-button has-custom-font-size is-style-outline has-small-font-size is-style-outline--1\"><a class=\"wp-block-button__link\" href=\"https:\/\/progepe.ufpr.br\/portarias\/wp-content\/uploads\/pcp\/PRHAE\/2008\/5052PR.pdf\" style=\"border-radius:0px\" target=\"_blank\" rel=\"noreferrer noopener\">Acesse o arquivo da portaria<\/a><\/div><\/div>\n","protected":false},"excerpt":{"rendered":"<p>I. Tornar sem efeito as Portarias n\u00ba 4.264\/PRHAE, de 17 de mar\u00e7o de 1992, n\u00ba 1.551\/PRHAE, de 19 de janeiro de 2007 e n\u00ba 4.293\/PRHAE, de 13 de mar\u00e7o de 2008. II. Em cumprimento \u00e0 decis\u00e3o judicial exarada nos autos da A\u00e7\u00e3o Previdenci\u00e1ria n\u00b0 2006.70.00.008526-5, averbar a partir de 15 de fevereiro de 2008, para fins de aposentadoria especial e disponibilidade, o tempo de servi\u00e7o prestado \u00e0 Campanha Nacional de Escolas da Comunidade, no per\u00edodo de 01.03.1974 a 28.02.1977, no total de 1.534 (um mil, quinhentos e trinta e quatro) dias; e, Associa\u00e7\u00e3o Antonio Vieira, no per\u00edodo de<\/p>\n","protected":false},"author":41,"featured_media":0,"comment_status":"closed","ping_status":"closed","sticky":false,"template":"wp-custom-template-emissao-entre-01-05-2004-ate-30-06-2017","format":"standard","meta":{"_acf_changed":false,"iawp_total_views":0,"footnotes":""},"categories":[232],"tags":[140],"class_list":["post-180252","post","type-post","status-publish","format-standard","hentry","category-prhae","tag-averbacao-desaverbacao"],"acf":[],"_links":{"self":[{"href":"https:\/\/progepe.ufpr.br\/portarias\/wp-json\/wp\/v2\/posts\/180252","targetHints":{"allow":["GET"]}}],"collection":[{"href":"https:\/\/progepe.ufpr.br\/portarias\/wp-json\/wp\/v2\/posts"}],"about":[{"href":"https:\/\/progepe.ufpr.br\/portarias\/wp-json\/wp\/v2\/types\/post"}],"author":[{"embeddable":true,"href":"https:\/\/progepe.ufpr.br\/portarias\/wp-json\/wp\/v2\/users\/41"}],"replies":[{"embeddable":true,"href":"https:\/\/progepe.ufpr.br\/portarias\/wp-json\/wp\/v2\/comments?post=180252"}],"version-history":[{"count":1,"href":"https:\/\/progepe.ufpr.br\/portarias\/wp-json\/wp\/v2\/posts\/180252\/revisions"}],"predecessor-version":[{"id":218757,"href":"https:\/\/progepe.ufpr.br\/portarias\/wp-json\/wp\/v2\/posts\/180252\/revisions\/218757"}],"wp:attachment":[{"href":"https:\/\/progepe.ufpr.br\/portarias\/wp-json\/wp\/v2\/media?parent=180252"}],"wp:term":[{"taxonomy":"category","embeddable":true,"href":"https:\/\/progepe.ufpr.br\/portarias\/wp-json\/wp\/v2\/categories?post=180252"},{"taxonomy":"post_tag","embeddable":true,"href":"https:\/\/progepe.ufpr.br\/portarias\/wp-json\/wp\/v2\/tags?post=180252"}],"curies":[{"name":"wp","href":"https:\/\/api.w.org\/{rel}","templated":true}]}}