{"id":180837,"date":"2008-09-24T10:11:00","date_gmt":"2008-09-24T13:11:00","guid":{"rendered":"http:\/\/progepe.ufpr.br\/portarias\/prhae-2008-07111\/"},"modified":"2023-10-11T14:00:23","modified_gmt":"2023-10-11T17:00:23","slug":"prhae-2008-07111","status":"publish","type":"post","link":"https:\/\/progepe.ufpr.br\/portarias\/prhae-2008-07111\/","title":{"rendered":"PORTARIA N\u00ba 07111\/PRHAE, DE 24 DE SETEMBRO DE 2008"},"content":{"rendered":"\n<p>O Pr\u00f3-Reitor de Recursos Humanos e Assuntos Estudantis da Universidade Federal do Paran\u00e1, no uso de suas atribui\u00e7\u00f5es, tendo em vista a compet\u00eancia que lhe \u00e9 conferida pela Portaria n\u00ba 2.590, de 26 de setembro de 1997 e considerando o que consta no processo n\u00ba 24702\/03-36,<\/p>\n\n\n\n<p><strong>RESOLVE:<\/strong><\/p>\n\n\n\n<p>Retificar a Portaria n\u00ba 6.410\/PRHAE, de 14 de julho de 2008, referente \u00e0 averba\u00e7\u00e3o de tempo de servi\u00e7o concedido ao servidor ANTONIO ALEIXO DE SOUZA &#8211; 104760, ocupante do cargo de Ascensorista, lotado no Centro de Aten\u00e7\u00e3o a Sa\u00fade &#8211; CASA 3, da Coordenadoria de Assuntos Comunit\u00e1rios:<\/p>\n\n\n\n<p style=\"padding-left:var(--wp--preset--spacing--30)\">Onde se l\u00ea: &#8230; CICI 010948858297 &#8211; S\u00e9rie, no per\u00edodo de 01.01.1983 a 31.03.1984, no total de 456 (quatrocentos e cinq\u00fcenta e seis) dias&#8230; .<\/p>\n\n\n\n<p style=\"padding-left:var(--wp--preset--spacing--30)\">Leia-se: &#8230; CICI 010948858297 &#8211; S\u00e9rie, no per\u00edodo de 01.01.1983 a 02.10.1983, no total de 275 (duzentos e setenta e cinco) dias&#8230; .<\/p>\n","protected":false},"excerpt":{"rendered":"<p>Retificar a Portaria n\u00ba 6.410\/PRHAE, de 14 de julho de 2008, referente \u00e0 averba\u00e7\u00e3o de tempo de servi\u00e7o concedido ao servidor ANTONIO ALEIXO DE SOUZA &#8211; 104760, ocupante do cargo de Ascensorista, lotado no Centro de Aten\u00e7\u00e3o a Sa\u00fade &#8211; CASA 3, da Coordenadoria de Assuntos Comunit\u00e1rios:  <!-- wp:paragraph {\"style\":{\"spacing\":{\"padding\":{\"left\":\"var:preset|spacing|30\"}}}} \n\n<p style=\"padding-left:var(--wp--preset--spacing--30)\">Onde se l\u00ea: ... CICI 010948858297 - S\u00e9rie, no per\u00edodo de 01.01.1983 a 31.03.1984, no total de 456 (quatrocentos e cinq\u00fcenta e seis) dias... .  <!-- wp:paragraph {\"style\":{\"spacing\":{\"padding\":{\"left\":\"var:preset|spacing|30\"}}}} \n\n<p style=\"padding-left:var(--wp--preset--spacing--30)\">Leia-se: ... CICI 010948858297 - S\u00e9rie, no per\u00edodo de 01.01.1983 a 02.10.1983, no total de 275\n<\/p>\n","protected":false},"author":41,"featured_media":0,"comment_status":"closed","ping_status":"closed","sticky":false,"template":"wp-custom-template-emissao-entre-01-05-2004-ate-30-06-2017","format":"standard","meta":{"_acf_changed":false,"iawp_total_views":0,"footnotes":""},"categories":[232],"tags":[140],"class_list":["post-180837","post","type-post","status-publish","format-standard","hentry","category-prhae","tag-averbacao-desaverbacao"],"acf":[],"_links":{"self":[{"href":"https:\/\/progepe.ufpr.br\/portarias\/wp-json\/wp\/v2\/posts\/180837","targetHints":{"allow":["GET"]}}],"collection":[{"href":"https:\/\/progepe.ufpr.br\/portarias\/wp-json\/wp\/v2\/posts"}],"about":[{"href":"https:\/\/progepe.ufpr.br\/portarias\/wp-json\/wp\/v2\/types\/post"}],"author":[{"embeddable":true,"href":"https:\/\/progepe.ufpr.br\/portarias\/wp-json\/wp\/v2\/users\/41"}],"replies":[{"embeddable":true,"href":"https:\/\/progepe.ufpr.br\/portarias\/wp-json\/wp\/v2\/comments?post=180837"}],"version-history":[{"count":3,"href":"https:\/\/progepe.ufpr.br\/portarias\/wp-json\/wp\/v2\/posts\/180837\/revisions"}],"predecessor-version":[{"id":253041,"href":"https:\/\/progepe.ufpr.br\/portarias\/wp-json\/wp\/v2\/posts\/180837\/revisions\/253041"}],"wp:attachment":[{"href":"https:\/\/progepe.ufpr.br\/portarias\/wp-json\/wp\/v2\/media?parent=180837"}],"wp:term":[{"taxonomy":"category","embeddable":true,"href":"https:\/\/progepe.ufpr.br\/portarias\/wp-json\/wp\/v2\/categories?post=180837"},{"taxonomy":"post_tag","embeddable":true,"href":"https:\/\/progepe.ufpr.br\/portarias\/wp-json\/wp\/v2\/tags?post=180837"}],"curies":[{"name":"wp","href":"https:\/\/api.w.org\/{rel}","templated":true}]}}