{"id":180838,"date":"2008-09-24T10:12:00","date_gmt":"2008-09-24T13:12:00","guid":{"rendered":"http:\/\/progepe.ufpr.br\/portarias\/prhae-2008-07112\/"},"modified":"2024-08-16T14:19:04","modified_gmt":"2024-08-16T17:19:04","slug":"prhae-2008-07112","status":"publish","type":"post","link":"https:\/\/progepe.ufpr.br\/portarias\/prhae-2008-07112\/","title":{"rendered":"PORTARIA N\u00ba 07112\/PRHAE, DE 24 DE SETEMBRO DE 2008"},"content":{"rendered":"\n<p style=\"padding-left:43%\">O Pr\u00f3-Reitor de Recursos Humanos e Assuntos Estudantis da Universidade Federal do Paran\u00e1, no uso de suas atribui\u00e7\u00f5es, tendo em vista a compet\u00eancia que lhe \u00e9 conferida pela Portaria n\u00ba 2.590, de 26 de setembro de 1997 e considerando o que consta no processo n\u00ba 19495\/05-04,<\/p>\n\n\n\n<p style=\"padding-left:43%\"><strong>RESOLVE:<\/strong><\/p>\n\n\n\n<p>Alterar o item III da <a href=\"https:\/\/progepe.ufpr.br\/portarias\/prhae-2008-04104\/\" data-type=\"post\" data-id=\"179951\">Portaria n\u00ba 4.104\/PRHAE, de 12 de fevereiro de 2008<\/a>, referente \u00e0 averba\u00e7\u00e3o de tempo de servi\u00e7o prestado ao Minist\u00e9rio do Ex\u00e9rcito, no per\u00edodo de 09.03.1998 a 24.09.2002, no total de 1.661 (hum mil, seiscentos e sessenta e um) dias, concedido \u00e0 servidora JANE DE BUDIN MATOS FERREIRA &#8211; 169455, ocupante do cargo de Auxiliar de Enfermagem, lotada no Hospital de Cl\u00ednicas, para declarar que o per\u00edodo averbado \u00e9 para fins de aposentadoria, disponibilidade e gratifica\u00e7\u00e3o adicional, e n\u00e3o como constou no referido ato.<\/p>\n","protected":false},"excerpt":{"rendered":"<p>Alterar o item III da <a href=\"https:\/\/progepe.ufpr.br\/portarias\/prhae-2008-04104\/\" data-type=\"post\" data-id=\"179951\">Portaria n\u00ba 4.104\/PRHAE, de 12 de fevereiro de 2008<\/a>, referente \u00e0 averba\u00e7\u00e3o de tempo de servi\u00e7o prestado ao Minist\u00e9rio do Ex\u00e9rcito, no per\u00edodo de 09.03.1998 a 24.09.2002, no total de 1.661 (hum mil, seiscentos e sessenta e um) dias, concedido \u00e0 servidora JANE DE BUDIN MATOS FERREIRA &#8211; 169455, ocupante do cargo de Auxiliar de Enfermagem, lotada no Hospital de Cl\u00ednicas, para declarar que o per\u00edodo averbado \u00e9 para fins de aposentadoria, disponibilidade e gratifica\u00e7\u00e3o adicional, e n\u00e3o como constou no referido ato.<\/p>\n","protected":false},"author":41,"featured_media":0,"comment_status":"closed","ping_status":"closed","sticky":false,"template":"","format":"standard","meta":{"_acf_changed":false,"iawp_total_views":0,"footnotes":""},"categories":[232],"tags":[140],"class_list":["post-180838","post","type-post","status-publish","format-standard","hentry","category-prhae","tag-averbacao-desaverbacao"],"acf":[],"_links":{"self":[{"href":"https:\/\/progepe.ufpr.br\/portarias\/wp-json\/wp\/v2\/posts\/180838","targetHints":{"allow":["GET"]}}],"collection":[{"href":"https:\/\/progepe.ufpr.br\/portarias\/wp-json\/wp\/v2\/posts"}],"about":[{"href":"https:\/\/progepe.ufpr.br\/portarias\/wp-json\/wp\/v2\/types\/post"}],"author":[{"embeddable":true,"href":"https:\/\/progepe.ufpr.br\/portarias\/wp-json\/wp\/v2\/users\/41"}],"replies":[{"embeddable":true,"href":"https:\/\/progepe.ufpr.br\/portarias\/wp-json\/wp\/v2\/comments?post=180838"}],"version-history":[{"count":5,"href":"https:\/\/progepe.ufpr.br\/portarias\/wp-json\/wp\/v2\/posts\/180838\/revisions"}],"predecessor-version":[{"id":257034,"href":"https:\/\/progepe.ufpr.br\/portarias\/wp-json\/wp\/v2\/posts\/180838\/revisions\/257034"}],"wp:attachment":[{"href":"https:\/\/progepe.ufpr.br\/portarias\/wp-json\/wp\/v2\/media?parent=180838"}],"wp:term":[{"taxonomy":"category","embeddable":true,"href":"https:\/\/progepe.ufpr.br\/portarias\/wp-json\/wp\/v2\/categories?post=180838"},{"taxonomy":"post_tag","embeddable":true,"href":"https:\/\/progepe.ufpr.br\/portarias\/wp-json\/wp\/v2\/tags?post=180838"}],"curies":[{"name":"wp","href":"https:\/\/api.w.org\/{rel}","templated":true}]}}