{"id":181000,"date":"2008-08-08T10:08:00","date_gmt":"2008-08-08T13:08:00","guid":{"rendered":"http:\/\/progepe.ufpr.br\/portarias\/prhae-2008-06603\/"},"modified":"2023-08-03T11:13:04","modified_gmt":"2023-08-03T14:13:04","slug":"prhae-2008-06603","status":"publish","type":"post","link":"https:\/\/progepe.ufpr.br\/portarias\/prhae-2008-06603\/","title":{"rendered":"PORTARIA N\u00ba 06603\/PRHAE, DE 08 DE AGOSTO DE 2008"},"content":{"rendered":"\n<p>O Pr\u00f3-Reitor de Recursos Humanos e Assuntos Estudantis da Universidade Federal do Paran\u00e1, no uso de suas atribui\u00e7\u00f5es, tendo em vista a compet\u00eancia que lhe \u00e9 conferida pela Portaria n\u00ba 2.590, de 26 de setembro de 1997 e ainda o contido no processo n\u00ba 13870\/08-36,<\/p>\n\n\n<p><strong>RESOLVE:<\/strong><\/p>\n\n\n<p>I. Revogar a Portaria n\u00ba 5.873\/PRHAE, de 16 de junho de 2008.<\/p><p> II. Designar os Professores PAULO ROBERTO DE OLIVEIRA REIS &#8211; 157430, classe Adjunto, lotado na Coordena\u00e7\u00e3o do Curso de Educa\u00e7\u00e3o Art\u00edstica; MARIO MESSAGI JUNIOR &#8211; 151866, classe Assistente, lotado no Departamento de Comunica\u00e7\u00e3o Social, ambos do Setor de Ci\u00eancias Humanas, Letras e Artes; e, a servidora DIRLENE RUPPEL &#8211; 186520, Administrador, lotada no Gabinete do Diretor do Setor de Ci\u00eancias Humanas, Letras e Artes; para, sob a presid\u00eancia do primeiro, constitu\u00edrem Comiss\u00e3o de Sindic\u00e2ncia, com a finalidade de apurar os fatos relatados no processo n\u00ba 13870\/08-36.<\/p><p><\/p>\n\n\n<div style=\"height:15px\" aria-hidden=\"true\" class=\"wp-block-spacer\"><\/div>\n\n\n<div class=\"wp-block-buttons is-content-justification-right is-layout-flex wp-container-core-buttons-is-layout-1 wp-block-buttons-is-layout-flex\">\n<div class=\"wp-block-button has-custom-font-size is-style-outline has-small-font-size is-style-outline--1\"><a class=\"wp-block-button__link\" href=\"https:\/\/progepe.ufpr.br\/portarias\/wp-content\/uploads\/pcp\/PRHAE\/2008\/6603PR.pdf\" style=\"border-radius:0px\" target=\"_blank\" rel=\"noreferrer noopener\">Acesse o arquivo da portaria<\/a><\/div><\/div>\n","protected":false},"excerpt":{"rendered":"<p>I. Revogar a Portaria n\u00ba 5.873\/PRHAE, de 16 de junho de 2008. II. Designar os Professores PAULO ROBERTO DE OLIVEIRA REIS &#8211; 157430, classe Adjunto, lotado na Coordena\u00e7\u00e3o do Curso de Educa\u00e7\u00e3o Art\u00edstica; MARIO MESSAGI JUNIOR &#8211; 151866, classe Assistente, lotado no Departamento de Comunica\u00e7\u00e3o Social, ambos do Setor de Ci\u00eancias Humanas, Letras e Artes; e, a servidora DIRLENE RUPPEL &#8211; 186520, Administrador, lotada no Gabinete do Diretor do Setor de Ci\u00eancias Humanas, Letras e Artes; para, sob a presid\u00eancia do primeiro, constitu\u00edrem Comiss\u00e3o de Sindic\u00e2ncia, com a finalidade de apurar os fatos relatados no processo n\u00ba 13870\/08-36.<\/p>\n","protected":false},"author":41,"featured_media":0,"comment_status":"closed","ping_status":"closed","sticky":false,"template":"wp-custom-template-emissao-entre-01-05-2004-ate-30-06-2017","format":"standard","meta":{"_acf_changed":false,"iawp_total_views":0,"footnotes":""},"categories":[232],"tags":[124],"class_list":["post-181000","post","type-post","status-publish","format-standard","hentry","category-prhae","tag-comissao"],"acf":[],"_links":{"self":[{"href":"https:\/\/progepe.ufpr.br\/portarias\/wp-json\/wp\/v2\/posts\/181000","targetHints":{"allow":["GET"]}}],"collection":[{"href":"https:\/\/progepe.ufpr.br\/portarias\/wp-json\/wp\/v2\/posts"}],"about":[{"href":"https:\/\/progepe.ufpr.br\/portarias\/wp-json\/wp\/v2\/types\/post"}],"author":[{"embeddable":true,"href":"https:\/\/progepe.ufpr.br\/portarias\/wp-json\/wp\/v2\/users\/41"}],"replies":[{"embeddable":true,"href":"https:\/\/progepe.ufpr.br\/portarias\/wp-json\/wp\/v2\/comments?post=181000"}],"version-history":[{"count":1,"href":"https:\/\/progepe.ufpr.br\/portarias\/wp-json\/wp\/v2\/posts\/181000\/revisions"}],"predecessor-version":[{"id":219503,"href":"https:\/\/progepe.ufpr.br\/portarias\/wp-json\/wp\/v2\/posts\/181000\/revisions\/219503"}],"wp:attachment":[{"href":"https:\/\/progepe.ufpr.br\/portarias\/wp-json\/wp\/v2\/media?parent=181000"}],"wp:term":[{"taxonomy":"category","embeddable":true,"href":"https:\/\/progepe.ufpr.br\/portarias\/wp-json\/wp\/v2\/categories?post=181000"},{"taxonomy":"post_tag","embeddable":true,"href":"https:\/\/progepe.ufpr.br\/portarias\/wp-json\/wp\/v2\/tags?post=181000"}],"curies":[{"name":"wp","href":"https:\/\/api.w.org\/{rel}","templated":true}]}}