{"id":18102,"date":"2019-11-29T05:06:00","date_gmt":"2019-11-29T08:06:00","guid":{"rendered":"http:\/\/progepe.ufpr.br\/portal\/?post_type=portarias&#038;p=18102"},"modified":"2024-08-07T14:38:05","modified_gmt":"2024-08-07T17:38:05","slug":"rt-2019-01134","status":"publish","type":"post","link":"https:\/\/progepe.ufpr.br\/portarias\/rt-2019-01134\/","title":{"rendered":"PORTARIA N\u00ba 01134\/REITORIA, DE 27 DE NOVEMBRO DE 2019"},"content":{"rendered":"\n<p style=\"padding-left:43%\">O Reitor da Universidade Federal do Paran\u00e1, no uso de suas atribui\u00e7\u00f5es, e considerando o que consta do processo n\u00ba 23075.078639\/2019-41,<\/p>\n\n\n\n<p style=\"padding-left:43%\"><strong>RESOLVE:<\/strong><\/p>\n\n\n\n<p>I. Exonerar, a pedido, a partir de 01 de dezembro 2019, do Quadro Permanente desta Universidade, ELAINE LOPES PEREIRA NUNES &#8211; 1659190, ocupante do cargo de Bi\u00f3logo, lotada no Departamento de Bot\u00e2nica do Setor de Ci\u00eancias Biol\u00f3gicas.<\/p>\n\n\n\n<p>II. Declarar aberta a vaga.<\/p>\n","protected":false},"excerpt":{"rendered":"<p>I. Exonerar, a pedido, a partir de 01 de dezembro 2019, do Quadro Permanente desta Universidade, ELAINE LOPES PEREIRA NUNES &#8211; 1659190, ocupante do cargo de Bi\u00f3logo, lotada no Departamento de Bot\u00e2nica do Setor de Ci\u00eancias Biol\u00f3gicas.  II. Declarar aberta a vaga.<\/p>\n","protected":false},"author":48,"featured_media":0,"comment_status":"closed","ping_status":"closed","sticky":false,"template":"","format":"standard","meta":{"_acf_changed":false,"iawp_total_views":1,"footnotes":""},"categories":[117],"tags":[122],"class_list":["post-18102","post","type-post","status-publish","format-standard","hentry","category-rt","tag-exoneracao"],"acf":[],"_links":{"self":[{"href":"https:\/\/progepe.ufpr.br\/portarias\/wp-json\/wp\/v2\/posts\/18102","targetHints":{"allow":["GET"]}}],"collection":[{"href":"https:\/\/progepe.ufpr.br\/portarias\/wp-json\/wp\/v2\/posts"}],"about":[{"href":"https:\/\/progepe.ufpr.br\/portarias\/wp-json\/wp\/v2\/types\/post"}],"author":[{"embeddable":true,"href":"https:\/\/progepe.ufpr.br\/portarias\/wp-json\/wp\/v2\/users\/48"}],"replies":[{"embeddable":true,"href":"https:\/\/progepe.ufpr.br\/portarias\/wp-json\/wp\/v2\/comments?post=18102"}],"version-history":[{"count":2,"href":"https:\/\/progepe.ufpr.br\/portarias\/wp-json\/wp\/v2\/posts\/18102\/revisions"}],"predecessor-version":[{"id":256793,"href":"https:\/\/progepe.ufpr.br\/portarias\/wp-json\/wp\/v2\/posts\/18102\/revisions\/256793"}],"wp:attachment":[{"href":"https:\/\/progepe.ufpr.br\/portarias\/wp-json\/wp\/v2\/media?parent=18102"}],"wp:term":[{"taxonomy":"category","embeddable":true,"href":"https:\/\/progepe.ufpr.br\/portarias\/wp-json\/wp\/v2\/categories?post=18102"},{"taxonomy":"post_tag","embeddable":true,"href":"https:\/\/progepe.ufpr.br\/portarias\/wp-json\/wp\/v2\/tags?post=18102"}],"curies":[{"name":"wp","href":"https:\/\/api.w.org\/{rel}","templated":true}]}}