{"id":181123,"date":"2008-09-24T10:07:00","date_gmt":"2008-09-24T13:07:00","guid":{"rendered":"http:\/\/progepe.ufpr.br\/portarias\/prhae-2008-07107\/"},"modified":"2023-08-03T11:13:47","modified_gmt":"2023-08-03T14:13:47","slug":"prhae-2008-07107","status":"publish","type":"post","link":"https:\/\/progepe.ufpr.br\/portarias\/prhae-2008-07107\/","title":{"rendered":"PORTARIA N\u00ba 07107\/PRHAE, DE 24 DE SETEMBRO DE 2008"},"content":{"rendered":"\n<p>O Pr\u00f3-Reitor de Recursos Humanos e Assuntos Estudantis da Universidade Federal do Paran\u00e1, no uso de suas atribui\u00e7\u00f5es, tendo em vista a compet\u00eancia que lhe \u00e9 conferida pela Portaria n\u00ba 2.590, de 26 de setembro de 1997, considerando o que consta nas Leis n\u00ba 8.745\/93 e 9.849\/99 e de acordo com a Resolu\u00e7\u00e3o n\u00ba 92\/2006-CEPE, e ainda o contido no processo n\u00ba 19915\/08-86,<\/p>\n\n\n<p><strong>RESOLVE:<\/strong><\/p>\n\n\n<p>I. Contratar VERONICA FERREIRA BAHR CALAZANS, como Professor Substituto, com sal\u00e1rio correspondente \u00e0 classe de Professor Assistente, n\u00edvel I, no regime de trabalho de 40 (quarenta) horas semanais, para Departamento de Filosofia do Setor de Ci\u00eancias Humanas, Letras e Artes, a partir da assinatura do contrato, at\u00e9 05 de dezembro de 2008.<\/p><p> II. Conceder o acr\u00e9scimo salarial, de acordo com o Art. 6\u00ba da Lei n\u00ba 11.344\/2006, tendo em vista possuir o t\u00edtulo de Mestre em Filosofia; \u00e1rea de concentra\u00e7\u00e3o em Hist\u00f3ria da Filosofia Moderna e Contempor\u00e2nea.<\/p><p><\/p>\n\n\n<div style=\"height:15px\" aria-hidden=\"true\" class=\"wp-block-spacer\"><\/div>\n\n\n<div class=\"wp-block-buttons is-content-justification-right is-layout-flex wp-container-core-buttons-is-layout-1 wp-block-buttons-is-layout-flex\">\n<div class=\"wp-block-button has-custom-font-size is-style-outline has-small-font-size is-style-outline--1\"><a class=\"wp-block-button__link\" href=\"https:\/\/progepe.ufpr.br\/portarias\/wp-content\/uploads\/pcp\/PRHAE\/2008\/7107PR.pdf\" style=\"border-radius:0px\" target=\"_blank\" rel=\"noreferrer noopener\">Acesse o arquivo da portaria<\/a><\/div><\/div>\n","protected":false},"excerpt":{"rendered":"<p>I. Contratar VERONICA FERREIRA BAHR CALAZANS, como Professor Substituto, com sal\u00e1rio correspondente \u00e0 classe de Professor Assistente, n\u00edvel I, no regime de trabalho de 40 (quarenta) horas semanais, para Departamento de Filosofia do Setor de Ci\u00eancias Humanas, Letras e Artes, a partir da assinatura do contrato, at\u00e9 05 de dezembro de 2008. II. Conceder o acr\u00e9scimo salarial, de acordo com o Art. 6\u00ba da Lei n\u00ba 11.344\/2006, tendo em vista possuir o t\u00edtulo de Mestre em Filosofia; \u00e1rea de concentra\u00e7\u00e3o em Hist\u00f3ria da Filosofia Moderna e Contempor\u00e2nea.  {&#8220;height&#8221;:&#8221;15px&#8221;} <\/p>\n<div style=\"height:15px\" aria-hidden=\"true\" class=\"wp-block-spacer\"> <!-- \/wp:spacer  {\"layout\":{\"type\":\"flex\",\"justifyContent\":\"right\"}} \n\n<div \n\n","protected":false},"author":41,"featured_media":0,"comment_status":"closed","ping_status":"closed","sticky":false,"template":"wp-custom-template-emissao-entre-01-05-2004-ate-30-06-2017","format":"standard","meta":{"_acf_changed":false,"iawp_total_views":0,"footnotes":""},"categories":[232],"tags":[141],"class_list":["post-181123","post","type-post","status-publish","format-standard","hentry","category-prhae","tag-contratacao"],"acf":[],"_links":{"self":[{"href":"https:\/\/progepe.ufpr.br\/portarias\/wp-json\/wp\/v2\/posts\/181123","targetHints":{"allow":["GET"]}}],"collection":[{"href":"https:\/\/progepe.ufpr.br\/portarias\/wp-json\/wp\/v2\/posts"}],"about":[{"href":"https:\/\/progepe.ufpr.br\/portarias\/wp-json\/wp\/v2\/types\/post"}],"author":[{"embeddable":true,"href":"https:\/\/progepe.ufpr.br\/portarias\/wp-json\/wp\/v2\/users\/41"}],"replies":[{"embeddable":true,"href":"https:\/\/progepe.ufpr.br\/portarias\/wp-json\/wp\/v2\/comments?post=181123"}],"version-history":[{"count":1,"href":"https:\/\/progepe.ufpr.br\/portarias\/wp-json\/wp\/v2\/posts\/181123\/revisions"}],"predecessor-version":[{"id":219626,"href":"https:\/\/progepe.ufpr.br\/portarias\/wp-json\/wp\/v2\/posts\/181123\/revisions\/219626"}],"wp:attachment":[{"href":"https:\/\/progepe.ufpr.br\/portarias\/wp-json\/wp\/v2\/media?parent=181123"}],"wp:term":[{"taxonomy":"category","embeddable":true,"href":"https:\/\/progepe.ufpr.br\/portarias\/wp-json\/wp\/v2\/categories?post=181123"},{"taxonomy":"post_tag","embeddable":true,"href":"https:\/\/progepe.ufpr.br\/portarias\/wp-json\/wp\/v2\/tags?post=181123"}],"curies":[{"name":"wp","href":"https:\/\/api.w.org\/{rel}","templated":true}]}}