{"id":181581,"date":"2008-01-15T10:15:00","date_gmt":"2008-01-15T12:15:00","guid":{"rendered":"http:\/\/progepe.ufpr.br\/portarias\/prhae-2008-03929\/"},"modified":"2023-08-03T11:09:17","modified_gmt":"2023-08-03T14:09:17","slug":"prhae-2008-03929","status":"publish","type":"post","link":"https:\/\/progepe.ufpr.br\/portarias\/prhae-2008-03929\/","title":{"rendered":"PORTARIA N\u00ba 03929\/PRHAE, DE 15 DE JANEIRO DE 2008"},"content":{"rendered":"\n<p>O Pr\u00f3-Reitor de Recursos Humanos e Assuntos Estudantis da Universidade Federal do Paran\u00e1, em exerc\u00edcio, no uso de suas atribui\u00e7\u00f5es, tendo em vista a compet\u00eancia que lhe \u00e9 conferida pela Portaria n\u00ba 2.590, de 26 de setembro de 1997 e o que consta nos artigos 11 e 12 da Lei n\u00ba 11.091\/05 e o Anexo I do Decreto n\u00ba 5824\/06 e ainda o contido no processo n\u00ba 36757\/07-48,<\/p>\n\n\n<p><strong>RESOLVE:<\/strong><\/p>\n\n\n<p>Conceder Incentivo \u00e0 Qualifica\u00e7\u00e3o, no percentual de 10 (dez por cento), a partir de 20 de setembro de 2007, a servidora ELEN ALVES AQUINO RODRIGUES &#8211; 151009, ocupante do cargo de Auxiliar de Enfermagem, lotada no Hospital de Cl\u00ednicas, tendo em vista ter apresentado Diploma do Curso T\u00e9cnico em Enfermagem, realizado no Centro de Desenvolvimento Profissional Jo\u00e3o Daudt D\u2019Oliveira.<\/p><p><\/p>\n\n\n<div style=\"height:15px\" aria-hidden=\"true\" class=\"wp-block-spacer\"><\/div>\n\n\n<div class=\"wp-block-buttons is-content-justification-right is-layout-flex wp-container-core-buttons-is-layout-1 wp-block-buttons-is-layout-flex\">\n<div class=\"wp-block-button has-custom-font-size is-style-outline has-small-font-size is-style-outline--1\"><a class=\"wp-block-button__link\" href=\"https:\/\/progepe.ufpr.br\/portarias\/wp-content\/uploads\/pcp\/PRHAE\/2008\/3929PR.pdf\" style=\"border-radius:0px\" target=\"_blank\" rel=\"noreferrer noopener\">Acesse o arquivo da portaria<\/a><\/div><\/div>\n","protected":false},"excerpt":{"rendered":"<p>Conceder Incentivo \u00e0 Qualifica\u00e7\u00e3o, no percentual de 10 (dez por cento), a partir de 20 de setembro de 2007, a servidora ELEN ALVES AQUINO RODRIGUES &#8211; 151009, ocupante do cargo de Auxiliar de Enfermagem, lotada no Hospital de Cl\u00ednicas, tendo em vista ter apresentado Diploma do Curso T\u00e9cnico em Enfermagem, realizado no Centro de Desenvolvimento Profissional Jo\u00e3o Daudt D\u2019Oliveira.  {&#8220;height&#8221;:&#8221;15px&#8221;} <\/p>\n<div style=\"height:15px\" aria-hidden=\"true\" class=\"wp-block-spacer\"> <!-- \/wp:spacer  {\"layout\":{\"type\":\"flex\",\"justifyContent\":\"right\"}} \n\n<div class=\"wp-block-buttons\"><!-- wp:button {\"style\":{\"border\":{\"radius\":\"0px\"}},\"className\":\"is-style-outline\",\"fontSize\":\"small\"} \n\n<div class=\"wp-block-button has-custom-font-size is-style-outline has-small-font-size\"><a class=\"wp-block-button__link\" href=\"https:\/\/progepe.ufpr.br\/portarias\/wp-content\/uploads\/pcp\/PRHAE\/2008\/3929PR.pdf\" style=\"border-radius:0px\" target=\"_blank\" rel=\"noreferrer noopener\">Acesse o arquivo da portaria<\/a><!-- \/wp:button <!--\n<\/p>\n","protected":false},"author":41,"featured_media":0,"comment_status":"closed","ping_status":"closed","sticky":false,"template":"wp-custom-template-emissao-entre-01-05-2004-ate-30-06-2017","format":"standard","meta":{"_acf_changed":false,"iawp_total_views":0,"footnotes":""},"categories":[232],"tags":[142],"class_list":["post-181581","post","type-post","status-publish","format-standard","hentry","category-prhae","tag-incentivo-qualificacao"],"acf":[],"_links":{"self":[{"href":"https:\/\/progepe.ufpr.br\/portarias\/wp-json\/wp\/v2\/posts\/181581","targetHints":{"allow":["GET"]}}],"collection":[{"href":"https:\/\/progepe.ufpr.br\/portarias\/wp-json\/wp\/v2\/posts"}],"about":[{"href":"https:\/\/progepe.ufpr.br\/portarias\/wp-json\/wp\/v2\/types\/post"}],"author":[{"embeddable":true,"href":"https:\/\/progepe.ufpr.br\/portarias\/wp-json\/wp\/v2\/users\/41"}],"replies":[{"embeddable":true,"href":"https:\/\/progepe.ufpr.br\/portarias\/wp-json\/wp\/v2\/comments?post=181581"}],"version-history":[{"count":1,"href":"https:\/\/progepe.ufpr.br\/portarias\/wp-json\/wp\/v2\/posts\/181581\/revisions"}],"predecessor-version":[{"id":220083,"href":"https:\/\/progepe.ufpr.br\/portarias\/wp-json\/wp\/v2\/posts\/181581\/revisions\/220083"}],"wp:attachment":[{"href":"https:\/\/progepe.ufpr.br\/portarias\/wp-json\/wp\/v2\/media?parent=181581"}],"wp:term":[{"taxonomy":"category","embeddable":true,"href":"https:\/\/progepe.ufpr.br\/portarias\/wp-json\/wp\/v2\/categories?post=181581"},{"taxonomy":"post_tag","embeddable":true,"href":"https:\/\/progepe.ufpr.br\/portarias\/wp-json\/wp\/v2\/tags?post=181581"}],"curies":[{"name":"wp","href":"https:\/\/api.w.org\/{rel}","templated":true}]}}