{"id":182260,"date":"2008-08-29T10:05:00","date_gmt":"2008-08-29T13:05:00","guid":{"rendered":"http:\/\/progepe.ufpr.br\/portarias\/prhae-2008-06787\/"},"modified":"2024-08-07T15:01:53","modified_gmt":"2024-08-07T18:01:53","slug":"prhae-2008-06787","status":"publish","type":"post","link":"https:\/\/progepe.ufpr.br\/portarias\/prhae-2008-06787\/","title":{"rendered":"PORTARIA N\u00ba 06787\/PRHAE, DE 29 DE AGOSTO DE 2008"},"content":{"rendered":"\n<p style=\"padding-left:43%\">O Pr\u00f3-Reitor de Recursos Humanos e Assuntos Estudantis da Universidade Federal do Paran\u00e1, no uso de suas atribui\u00e7\u00f5es, tendo em vista a compet\u00eancia que lhe \u00e9 conferida pela Portaria n\u00ba 2.590, de 26 de setembro de 1997, considerando o que consta no artigo 9\u00ba, inciso I da Lei n\u00ba 8.112\/90, autoriza\u00e7\u00e3o do Minist\u00e9rio da Educa\u00e7\u00e3o, Portaria n\u00ba 212, de 18 de feveriro de 2008, publicada no DOU de 19.02.2008 e ainda o contido no processo n\u00ba 35580\/08-43,<\/p>\n\n\n\n<p style=\"padding-left:43%\"><strong>RESOLVE:<\/strong><\/p>\n\n\n\n<p>Nomear em car\u00e1ter efetivo, ELAINE LOPES PEREIRA NUNES, habilitada em concurso p\u00fablico realizado por esta Institui\u00e7\u00e3o, homologado em 01.07.2008, para o cargo de Bi\u00f3logo, n\u00edvel de Classifica\u00e7\u00e3o E, n\u00edvel de Capacita\u00e7\u00e3o I, padr\u00e3o de Vencimento 01, no regime de trabalho de 40 (quarenta) horas semanais, na vaga de c\u00f3digo n\u00ba 676833.<\/p>\n","protected":false},"excerpt":{"rendered":"<p>Nomear em car\u00e1ter efetivo, ELAINE LOPES PEREIRA NUNES, habilitada em concurso p\u00fablico realizado por esta Institui\u00e7\u00e3o, homologado em 01.07.2008, para o cargo de Bi\u00f3logo, n\u00edvel de Classifica\u00e7\u00e3o E, n\u00edvel de Capacita\u00e7\u00e3o I, padr\u00e3o de Vencimento 01, no regime de trabalho de 40 (quarenta) horas semanais, na vaga de c\u00f3digo n\u00ba 676833.<\/p>\n","protected":false},"author":41,"featured_media":0,"comment_status":"closed","ping_status":"closed","sticky":false,"template":"","format":"standard","meta":{"_acf_changed":false,"iawp_total_views":0,"footnotes":""},"categories":[232],"tags":[121],"class_list":["post-182260","post","type-post","status-publish","format-standard","hentry","category-prhae","tag-nomeacao"],"acf":[],"_links":{"self":[{"href":"https:\/\/progepe.ufpr.br\/portarias\/wp-json\/wp\/v2\/posts\/182260","targetHints":{"allow":["GET"]}}],"collection":[{"href":"https:\/\/progepe.ufpr.br\/portarias\/wp-json\/wp\/v2\/posts"}],"about":[{"href":"https:\/\/progepe.ufpr.br\/portarias\/wp-json\/wp\/v2\/types\/post"}],"author":[{"embeddable":true,"href":"https:\/\/progepe.ufpr.br\/portarias\/wp-json\/wp\/v2\/users\/41"}],"replies":[{"embeddable":true,"href":"https:\/\/progepe.ufpr.br\/portarias\/wp-json\/wp\/v2\/comments?post=182260"}],"version-history":[{"count":4,"href":"https:\/\/progepe.ufpr.br\/portarias\/wp-json\/wp\/v2\/posts\/182260\/revisions"}],"predecessor-version":[{"id":256801,"href":"https:\/\/progepe.ufpr.br\/portarias\/wp-json\/wp\/v2\/posts\/182260\/revisions\/256801"}],"wp:attachment":[{"href":"https:\/\/progepe.ufpr.br\/portarias\/wp-json\/wp\/v2\/media?parent=182260"}],"wp:term":[{"taxonomy":"category","embeddable":true,"href":"https:\/\/progepe.ufpr.br\/portarias\/wp-json\/wp\/v2\/categories?post=182260"},{"taxonomy":"post_tag","embeddable":true,"href":"https:\/\/progepe.ufpr.br\/portarias\/wp-json\/wp\/v2\/tags?post=182260"}],"curies":[{"name":"wp","href":"https:\/\/api.w.org\/{rel}","templated":true}]}}